{"id":5351,"date":"2023-12-11T13:12:49","date_gmt":"2023-12-11T13:12:49","guid":{"rendered":"https:\/\/www.alpesenergy.com\/ch\/?p=5351"},"modified":"2024-01-04T13:19:01","modified_gmt":"2024-01-04T13:19:01","slug":"importante-noticia-para-las-gudis-cambio-drastico-en-su-costo-energia","status":"publish","type":"post","link":"https:\/\/www.alpesenergy.com\/ch\/blog\/2023\/12\/11\/importante-noticia-para-las-gudis-cambio-drastico-en-su-costo-energia\/","title":{"rendered":"Importante noticia para las GUDIs: Cambio dr\u00e1stico en su costo energ\u00eda"},"content":{"rendered":"<p>Como consecuencia de esta medida, los GUDIs pasar\u00e1n a pagar incluso un costo mayor que el que pagan los GUMA\u2019s y GUME\u2019s en el MEM, debido a las contribuciones provinciales\/municipales y otros cargos variables que son aplicados por las distribuidores\/cooperativas y no por CAMMESA. Este cambio de paradigma implica que muchas empresas van a sufrir una p\u00e9rdida de competitividad importante si no toman acci\u00f3n inmediata para gestionar su energ\u00eda de manera m\u00e1s eficiente.<\/p>\n<p><strong>\u00bfC\u00f3mo se calculan estos cargos?<\/strong><br \/>\nSon el resultado de la diferencia entre el costo de la energ\u00eda en el MEM (Mercado El\u00e9ctrico Mayorista) para un GUME\/GUMA &#8211; costo de la energ\u00eda para un GUDI. Ver Resoluci\u00f3n:\u00a0<a href=\"https:\/\/bit.ly\/46UdAdM\" target=\"_self\" data-attribute-index=\"0\" rel=\"noopener\">https:\/\/bit.ly\/46UdAdM<\/a><\/p>\n<p>Desde Alpes Energy, comprendemos la importancia de mantener la competitividad y la confiabilidad del suministro el\u00e9ctrico. Estamos listos para ayudarte con propuestas de suministro de energ\u00eda que optimicen tus costos y fortalezcan tu posici\u00f3n en el mercado.<\/p>\n<p>Pod\u00e9s escribirnos a <a href=\"mailto:comercial@alpesenergy.com\">comercial@alpesenergy.com<\/a>\u00a0o llamarnos al\u00a0<a href=\"https:\/\/wa.me\/5491131260140?text=Hola!%20Me%20gustar%C3%ADa%20conocer%20mas%20sobre%20Alpes%20Energy\">+54 9 11 3126-0140<\/a><\/p>\n","protected":false},"excerpt":{"rendered":"<p>El pasado martes 5 de diciembre, la Secretar\u00eda de Energ\u00eda public\u00f3 en el Bolet\u00edn Oficial, la Resoluci\u00f3n 976\/2023 que establece que a partir del mes de febrero de 2024 todos los Grandes Usuarios de categor\u00eda GUDI que tengan potencia mayor o igual a 300 KW, pasar\u00e1n a pagar 2 (dos) cargos adicionales en su costo el\u00e9ctrico denominados \u201cCargo Estabilizado GUDI\u2019s\u201d y \u201cAjuste Complementario de Potencia GUDI\u2019s\u201d, mediante los cuales se elimina el 100% de los subsidios<\/p>\n","protected":false},"author":1,"featured_media":5354,"comment_status":"open","ping_status":"open","sticky":false,"template":"","format":"standard","meta":{"_seopress_robots_primary_cat":"none","_seopress_titles_title":"","_seopress_titles_desc":"","_seopress_robots_index":"","footnotes":""},"categories":[11],"tags":[],"class_list":{"0":"post-5351","1":"post","2":"type-post","3":"status-publish","4":"format-standard","5":"has-post-thumbnail","7":"category-energia-electrica"},"_links":{"self":[{"href":"https:\/\/www.alpesenergy.com\/ch\/wp-json\/wp\/v2\/posts\/5351","targetHints":{"allow":["GET"]}}],"collection":[{"href":"https:\/\/www.alpesenergy.com\/ch\/wp-json\/wp\/v2\/posts"}],"about":[{"href":"https:\/\/www.alpesenergy.com\/ch\/wp-json\/wp\/v2\/types\/post"}],"author":[{"embeddable":true,"href":"https:\/\/www.alpesenergy.com\/ch\/wp-json\/wp\/v2\/users\/1"}],"replies":[{"embeddable":true,"href":"https:\/\/www.alpesenergy.com\/ch\/wp-json\/wp\/v2\/comments?post=5351"}],"version-history":[{"count":1,"href":"https:\/\/www.alpesenergy.com\/ch\/wp-json\/wp\/v2\/posts\/5351\/revisions"}],"predecessor-version":[{"id":5355,"href":"https:\/\/www.alpesenergy.com\/ch\/wp-json\/wp\/v2\/posts\/5351\/revisions\/5355"}],"wp:featuredmedia":[{"embeddable":true,"href":"https:\/\/www.alpesenergy.com\/ch\/wp-json\/wp\/v2\/media\/5354"}],"wp:attachment":[{"href":"https:\/\/www.alpesenergy.com\/ch\/wp-json\/wp\/v2\/media?parent=5351"}],"wp:term":[{"taxonomy":"category","embeddable":true,"href":"https:\/\/www.alpesenergy.com\/ch\/wp-json\/wp\/v2\/categories?post=5351"},{"taxonomy":"post_tag","embeddable":true,"href":"https:\/\/www.alpesenergy.com\/ch\/wp-json\/wp\/v2\/tags?post=5351"}],"curies":[{"name":"wp","href":"https:\/\/api.w.org\/{rel}","templated":true}]}}