{"id":7815,"date":"2024-01-16T15:51:03","date_gmt":"2024-01-16T15:51:03","guid":{"rendered":"https:\/\/www.alpesenergy.com\/ch\/?p=7815"},"modified":"2024-01-16T17:40:49","modified_gmt":"2024-01-16T17:40:49","slug":"importantes-cambios-en-los-costos-del-gas-natural-con-quita-de-subsidios-y-actualizacion-de-tarifas","status":"publish","type":"post","link":"https:\/\/www.alpesenergy.com\/ch\/blog\/2024\/01\/16\/importantes-cambios-en-los-costos-del-gas-natural-con-quita-de-subsidios-y-actualizacion-de-tarifas\/","title":{"rendered":"Importantes cambios en los costos del Gas Natural, con quita de subsidios y actualizaci\u00f3n de tarifas"},"content":{"rendered":"<p>El ministro propone el traslado gradual del precio real del Gas Natural en el PIST (Punto de Ingreso al Sistema de Transporte), con quitas de subsidios y actualizaci\u00f3n de las tarifas para todos los usuarios con servicio completo de la distribuidora. Esta actualizaci\u00f3n se empezar\u00e1 a ver reflejada en las facturas de Gas Natural a partir de febrero.<\/p>\n<p>El Gas Natural en el PIST es uno de los tres componentes en las facturas: es el precio del Gas Natural en Boca de Pozo, cuando se inyecta en el sistema troncal de transporte. El secretario de Energ\u00eda indic\u00f3 que los usuarios hoy est\u00e1n pagando un 17% del valor del PIST: en diciembre se pagaron 0,70 U$D\/MMBTU sobre un precio promedio PIST cercano a 4,00 U$D\/MMBTU. Este retraso se subsanar\u00e1 con tres actualizaciones equivalentes al 33,3% cada una:<\/p>\n<ol>\n<li>\u00a0 33,3% desde el 1\u00ba de febrero de 2024.<\/li>\n<li>\u00a0 33,3% desde el 1\u00ba de marzo de 2024.<\/li>\n<li>\u00a0 33,3% desde el 1\u00b0 de abril de 2024.<\/li>\n<\/ol>\n<p>&nbsp;<\/p>\n<p>En 3 meses el precio del Gas Natural en PIST pasar\u00e1 de 0,70 USD\/MMBtu al verdadero precio real estimado cerca de 4,00 USD\/MMBTU, calculado como el promedio entre los vol\u00famenes del Plan Gas y las importaciones de GNL y Bolivia.<\/p>\n<p><a href=\"https:\/\/www.enargas.gob.ar\/secciones\/audiencias-publicas\/104\/archivos\/presentaciones\/presentacion-se-ap-104.pdf\">Ver m\u00e1s sobre la audiencia p\u00fablica.<\/a><\/p>\n<p>\u00bfBuscas m\u00e1s informaci\u00f3n sobre el mercado de gas natural? Comunicate con nosotros para obtener asesoramiento y la mejor propuesta a\u00a0<a href=\"mailto:comercial@alpesenergy.com\">comercial@alpesenergy.com<\/a>\u00a0o llamarnos al\u00a0<a href=\"https:\/\/wa.me\/5491131260140?text=Hola!%20Me%20gustar%C3%ADa%20conocer%20mas%20sobre%20Alpes%20Energy\">+54 9 11 3126-0140<\/a>.<\/p>\n","protected":false},"excerpt":{"rendered":"<p>De acuerdo con lo expuesto por el secretario de Energ\u00eda, Eduardo Rodr\u00edguez Chirillo, en la audiencia p\u00fablica de ENARGAS el pasado 8 de enero, se vienen cambios dr\u00e1sticos en las tarifas de Gas Natural. <\/p>\n","protected":false},"author":1,"featured_media":7822,"comment_status":"open","ping_status":"open","sticky":false,"template":"","format":"standard","meta":{"_seopress_robots_primary_cat":"none","_seopress_titles_title":"","_seopress_titles_desc":"","_seopress_robots_index":"","footnotes":""},"categories":[10],"tags":[],"class_list":{"0":"post-7815","1":"post","2":"type-post","3":"status-publish","4":"format-standard","5":"has-post-thumbnail","7":"category-gas-natural"},"_links":{"self":[{"href":"https:\/\/www.alpesenergy.com\/ch\/wp-json\/wp\/v2\/posts\/7815","targetHints":{"allow":["GET"]}}],"collection":[{"href":"https:\/\/www.alpesenergy.com\/ch\/wp-json\/wp\/v2\/posts"}],"about":[{"href":"https:\/\/www.alpesenergy.com\/ch\/wp-json\/wp\/v2\/types\/post"}],"author":[{"embeddable":true,"href":"https:\/\/www.alpesenergy.com\/ch\/wp-json\/wp\/v2\/users\/1"}],"replies":[{"embeddable":true,"href":"https:\/\/www.alpesenergy.com\/ch\/wp-json\/wp\/v2\/comments?post=7815"}],"version-history":[{"count":3,"href":"https:\/\/www.alpesenergy.com\/ch\/wp-json\/wp\/v2\/posts\/7815\/revisions"}],"predecessor-version":[{"id":7824,"href":"https:\/\/www.alpesenergy.com\/ch\/wp-json\/wp\/v2\/posts\/7815\/revisions\/7824"}],"wp:featuredmedia":[{"embeddable":true,"href":"https:\/\/www.alpesenergy.com\/ch\/wp-json\/wp\/v2\/media\/7822"}],"wp:attachment":[{"href":"https:\/\/www.alpesenergy.com\/ch\/wp-json\/wp\/v2\/media?parent=7815"}],"wp:term":[{"taxonomy":"category","embeddable":true,"href":"https:\/\/www.alpesenergy.com\/ch\/wp-json\/wp\/v2\/categories?post=7815"},{"taxonomy":"post_tag","embeddable":true,"href":"https:\/\/www.alpesenergy.com\/ch\/wp-json\/wp\/v2\/tags?post=7815"}],"curies":[{"name":"wp","href":"https:\/\/api.w.org\/{rel}","templated":true}]}}