{"id":7841,"date":"2024-02-23T13:28:44","date_gmt":"2024-02-23T13:28:44","guid":{"rendered":"https:\/\/www.alpesenergy.com\/ch\/?p=7841"},"modified":"2024-02-23T18:38:22","modified_gmt":"2024-02-23T18:38:22","slug":"como-fue-la-evolucion-de-la-generacion-de-energia-solar-en-argentina-durante-2023","status":"publish","type":"post","link":"https:\/\/www.alpesenergy.com\/ch\/blog\/2024\/02\/23\/como-fue-la-evolucion-de-la-generacion-de-energia-solar-en-argentina-durante-2023\/","title":{"rendered":"\u00bfC\u00f3mo fue la evoluci\u00f3n de la generaci\u00f3n de Energ\u00eda Solar en Argentina durante 2023?"},"content":{"rendered":"<p>En el siguiente gr\u00e1fico, observamos la variaci\u00f3n estacional en la generaci\u00f3n de energ\u00eda solar. Los meses de verano y primavera (enero, febrero, octubre, noviembre y diciembre) muestran cifras m\u00e1s elevadas, evidenciando una mayor eficiencia y aprovechamiento de la radiaci\u00f3n solar durante estos per\u00edodos, con picos de generaci\u00f3n alcanzando hasta 373 GWh. Por otro lado, los meses de invierno (mayo y junio) registran una disminuci\u00f3n en la generaci\u00f3n, fen\u00f3meno com\u00fan debido a la menor duraci\u00f3n del d\u00eda y la intensidad solar durante esta \u00e9poca del a\u00f1o.<\/p>\n<p>Esta estacionalidad constituye un factor relevante a considerar al planificar y gestionar la generaci\u00f3n de energ\u00eda solar. Actualmente, la generaci\u00f3n solar en Argentina apenas representa un 3% del total generado, lo que subraya el desaf\u00edo significativo que enfrentamos en la transici\u00f3n hacia fuentes de energ\u00eda m\u00e1s limpias y sostenibles. A pesar de esto, el crecimiento constante y el compromiso renovado con la expansi\u00f3n de la energ\u00eda solar nos ofrecen un horizonte prometedor en la b\u00fasqueda de un futuro m\u00e1s sustentable y respetuoso con el medio ambiente.<\/p>\n<p>\u00bfBuscas m\u00e1s informaci\u00f3n sobre el mercado en\u00e9rgetico? Comunicate con nosotros para obtener asesoramiento y la mejor propuesta. Pod\u00e9s escribirnos a\u00a0<a href=\"mailto:comercial@alpesenergy.com\">comercial@alpesenergy.com<\/a>\u00a0o llamarnos al\u00a0<a href=\"https:\/\/wa.me\/5491131260140?text=Hola!%20Me%20gustar%C3%ADa%20conocer%20mas%20sobre%20Alpes%20Energy\">+54 9 11 3126-0140<\/a><\/p>\n","protected":false},"excerpt":{"rendered":"<p>Argentina ostenta un vasto potencial para el desarrollo de la energ\u00eda solar. Desde las regiones andinas hasta las subandinas, desde Jujuy hasta Neuqu\u00e9n, el pa\u00eds posee condiciones propicias para aprovechar esta fuente de energ\u00eda. <\/p>\n","protected":false},"author":1,"featured_media":7844,"comment_status":"open","ping_status":"open","sticky":false,"template":"","format":"standard","meta":{"_seopress_robots_primary_cat":"none","_seopress_titles_title":"","_seopress_titles_desc":"","_seopress_robots_index":"","footnotes":""},"categories":[11],"tags":[],"class_list":{"0":"post-7841","1":"post","2":"type-post","3":"status-publish","4":"format-standard","5":"has-post-thumbnail","7":"category-energia-electrica"},"_links":{"self":[{"href":"https:\/\/www.alpesenergy.com\/ch\/wp-json\/wp\/v2\/posts\/7841","targetHints":{"allow":["GET"]}}],"collection":[{"href":"https:\/\/www.alpesenergy.com\/ch\/wp-json\/wp\/v2\/posts"}],"about":[{"href":"https:\/\/www.alpesenergy.com\/ch\/wp-json\/wp\/v2\/types\/post"}],"author":[{"embeddable":true,"href":"https:\/\/www.alpesenergy.com\/ch\/wp-json\/wp\/v2\/users\/1"}],"replies":[{"embeddable":true,"href":"https:\/\/www.alpesenergy.com\/ch\/wp-json\/wp\/v2\/comments?post=7841"}],"version-history":[{"count":1,"href":"https:\/\/www.alpesenergy.com\/ch\/wp-json\/wp\/v2\/posts\/7841\/revisions"}],"predecessor-version":[{"id":7845,"href":"https:\/\/www.alpesenergy.com\/ch\/wp-json\/wp\/v2\/posts\/7841\/revisions\/7845"}],"wp:featuredmedia":[{"embeddable":true,"href":"https:\/\/www.alpesenergy.com\/ch\/wp-json\/wp\/v2\/media\/7844"}],"wp:attachment":[{"href":"https:\/\/www.alpesenergy.com\/ch\/wp-json\/wp\/v2\/media?parent=7841"}],"wp:term":[{"taxonomy":"category","embeddable":true,"href":"https:\/\/www.alpesenergy.com\/ch\/wp-json\/wp\/v2\/categories?post=7841"},{"taxonomy":"post_tag","embeddable":true,"href":"https:\/\/www.alpesenergy.com\/ch\/wp-json\/wp\/v2\/tags?post=7841"}],"curies":[{"name":"wp","href":"https:\/\/api.w.org\/{rel}","templated":true}]}}