{"id":7972,"date":"2024-06-03T16:25:58","date_gmt":"2024-06-03T16:25:58","guid":{"rendered":"https:\/\/www.alpesenergy.com\/ch\/?p=7972"},"modified":"2024-06-04T20:45:49","modified_gmt":"2024-06-04T20:45:49","slug":"claves-de-la-crisis-del-gas-en-un-invierno-adelantado-importaciones-de-urgencia-cortes-de-interrumpibles-y-suba-de-precios","status":"publish","type":"post","link":"https:\/\/www.alpesenergy.com\/ch\/blog\/2024\/06\/03\/claves-de-la-crisis-del-gas-en-un-invierno-adelantado-importaciones-de-urgencia-cortes-de-interrumpibles-y-suba-de-precios\/","title":{"rendered":"Claves de la crisis del gas en un invierno \u201cadelantado\u201d: importaciones de urgencia, cortes de interrumpibles y suba de precios"},"content":{"rendered":"<p><span style=\"font-weight: 400;\">El invierno es la estaci\u00f3n del a\u00f1o de mayor consumo de energ\u00eda en Argentina. Es uno de los picos anuales de consumo el\u00e9ctrico, junto con el verano, y sobre todo es el periodo de mayor demanda de gas natural. Aquello se explica por el aumento en la demanda residencial. De hecho, <\/span><a href=\"https:\/\/cacme.org.ar\/2023\/06\/10-consejos-practicos-para-el-ahorro-de-energia-en-invierno\/\"><span style=\"font-weight: 400;\">seg\u00fan un estudio realizado en 2016<\/span><\/a><span style=\"font-weight: 400;\"> en el AMBA, la calefacci\u00f3n es el mayor consumo energ\u00e9tico en los hogares, que representa m\u00e1s del 40% del total, seguido por el agua caliente, que se lleva alrededor del 17%.\u00a0\u00a0<\/span><\/p>\n<p><span style=\"font-weight: 400;\">En 2023, el consumo promedio residencial de gas en los tres meses invernales (junio, julio, agosto) super\u00f3 en casi un 20% el promedio anual. <\/span><span style=\"font-weight: 400;\">En 2024, el invierno se adelant\u00f3. Las temperaturas de mayo fueron <\/span><a href=\"https:\/\/www.cadena3.com\/noticia\/sociedad\/mayo-podria-ser-el-mas-frio-de-los-ultimos-30-anos-que-es-lo-que-se-espera_388597\"><span style=\"font-weight: 400;\">las m\u00e1s bajas desde 2007<\/span><\/a><span style=\"font-weight: 400;\">, cuando se produjo la hist\u00f3rica nevada del 9 de julio. La temperatura promedio en el AMBA (zona de mayor consumo del pa\u00eds) baj\u00f3 6\u00b0 y aquello impact\u00f3 directamente en la demanda de gas, que lleg\u00f3 a los 80 millones de m3 diarios, un 30% por encima de los 60 MM m3\/d\u00eda habituales para esta \u00e9poca del a\u00f1o.<\/span><\/p>\n<p><span style=\"font-weight: 400;\">Frente a este panorama, el Gobierno declar\u00f3 la \u201cpre-emergencia\u201d del sistema energ\u00e9tico y cort\u00f3 contratos interrumpibles como los del GNC, industrias y grandes comercios. Tambi\u00e9n instruy\u00f3 a CAMMESA a que importe cargamentos de combustibles l\u00edquidos para alimentar a las centrales t\u00e9rmicas, que en el mercado estiman en US$ 500 millones, y debi\u00f3 comprar a \u00faltimo momento 10 barcos de Gas Natural Licuado para inyectar en la terminal de Escobar. La crisis se agrav\u00f3 el mi\u00e9rcoles 29 de mayo tras la negativa de Petrobras a <\/span><a href=\"https:\/\/econojournal.com.ar\/2024\/05\/petrobras-enarsa-cortes-gas-industrias-crisis-servicio\/\"><span style=\"font-weight: 400;\">descargar un cargamento<\/span><\/a><span style=\"font-weight: 400;\"> por una diferencia en el m\u00e9todo de pago, a partir de lo cual se tom\u00f3 una decisi\u00f3n casi sin precedentes: cortar el suministro a <\/span><a href=\"https:\/\/www.bloomberglinea.com\/latinoamerica\/argentina\/gobierno-argentino-corto-gas-a-industrias-y-estaciones-por-crisis-en-el-abastecimiento\/\"><span style=\"font-weight: 400;\">estaciones e industrias con contratos ininterrumpibles<\/span><\/a><span style=\"font-weight: 400;\">.<\/span><\/p>\n<p><span style=\"font-weight: 400;\">El aumento de la temperatura y el acuerdo con Petrobras finalmente permitieron iniciar la normalizaci\u00f3n del sistema. Pero quedan por resolverse tres inc\u00f3gnitas:\u00a0<\/span><\/p>\n<ul>\n<li style=\"font-weight: 400;\" aria-level=\"1\"><span style=\"font-weight: 400;\">Por qu\u00e9 pas\u00f3 lo que pas\u00f3\u00a0<\/span><\/li>\n<li style=\"font-weight: 400;\" aria-level=\"1\"><span style=\"font-weight: 400;\">Si el sistema estar\u00e1 preparado para resistir a los fr\u00edos intensos previstos para este invierno<\/span><\/li>\n<li style=\"font-weight: 400;\" aria-level=\"1\"><span style=\"font-weight: 400;\">Qu\u00e9 efectos tendr\u00e1 esta crisis en los precios del gas mientras se rediscute la pol\u00edtica tarifaria para eliminar los subsidios<\/span><\/li>\n<\/ul>\n<p>&nbsp;<\/p>\n<p><span style=\"font-weight: 400;\">El fr\u00edo no es el \u00fanico factor para semejante estr\u00e9s. Seg\u00fan consigna <\/span><a href=\"https:\/\/econojournal.com.ar\/2024\/05\/el-gobierno-corto-el-gas-a-industrias-en-todo-el-pais\/\"><span style=\"font-weight: 400;\">Econojournal<\/span><\/a><span style=\"font-weight: 400;\">, deben considerarse los bajos stocks de CAMMESA (que se utilizan frente a cualquier imprevisto), la no disponibilidad de electricidad importada desde Brasil por las graves inundaciones en R\u00edo Grande do Sul, y la demora en completar las obras para ampliar la capacidad del gasoducto N\u00e9stor Kirchner. Puntualmente, las plantas compresoras de Tratay\u00e9n, Salliquel\u00f3 y Mercedes, que podr\u00edan llevar la capacidad de 11 a 22 millones de m3\/d\u00eda, y que podr\u00edan estar<\/span><a href=\"https:\/\/www.cronista.com\/economia-politica\/gas-el-gobierno-enfrenta-la-semana-mas-critica-y-desembolsa-una-cifra-millonaria-para-importar\/\"><span style=\"font-weight: 400;\"> listas a partir de junio<\/span><\/a><span style=\"font-weight: 400;\">.<\/span><\/p>\n<p>Optimizar el costo de su matriz energ\u00e9tica es posible. Comunicate con nuestro equipo especializado para obtener la informaci\u00f3n necesaria y recibir la mejor propuesta hoy mismo a <a href=\"mailto:comercial@alpesenergy.com\">comercial@alpesenergy.com<\/a>\u00a0o llamarnos al\u00a0<a href=\"https:\/\/wa.me\/5491131260140?text=Hola!%20Me%20gustar%C3%ADa%20conocer%20mas%20sobre%20Alpes%20Energy\">+54 9 11 3126-0140<\/a>.<\/p>\n","protected":false},"excerpt":{"rendered":"<p>A medida que baja la temperatura, aumenta el consumo de gas natural en Argentina. Los intensos fr\u00edos de mayo sorprendieron a las previsiones del sistema generando una crisis de abastecimiento.<\/p>\n","protected":false},"author":1,"featured_media":7981,"comment_status":"open","ping_status":"open","sticky":false,"template":"","format":"standard","meta":{"_seopress_robots_primary_cat":"none","_seopress_titles_title":"","_seopress_titles_desc":"","_seopress_robots_index":"","footnotes":""},"categories":[10],"tags":[],"class_list":{"0":"post-7972","1":"post","2":"type-post","3":"status-publish","4":"format-standard","5":"has-post-thumbnail","7":"category-gas-natural"},"_links":{"self":[{"href":"https:\/\/www.alpesenergy.com\/ch\/wp-json\/wp\/v2\/posts\/7972","targetHints":{"allow":["GET"]}}],"collection":[{"href":"https:\/\/www.alpesenergy.com\/ch\/wp-json\/wp\/v2\/posts"}],"about":[{"href":"https:\/\/www.alpesenergy.com\/ch\/wp-json\/wp\/v2\/types\/post"}],"author":[{"embeddable":true,"href":"https:\/\/www.alpesenergy.com\/ch\/wp-json\/wp\/v2\/users\/1"}],"replies":[{"embeddable":true,"href":"https:\/\/www.alpesenergy.com\/ch\/wp-json\/wp\/v2\/comments?post=7972"}],"version-history":[{"count":10,"href":"https:\/\/www.alpesenergy.com\/ch\/wp-json\/wp\/v2\/posts\/7972\/revisions"}],"predecessor-version":[{"id":7991,"href":"https:\/\/www.alpesenergy.com\/ch\/wp-json\/wp\/v2\/posts\/7972\/revisions\/7991"}],"wp:featuredmedia":[{"embeddable":true,"href":"https:\/\/www.alpesenergy.com\/ch\/wp-json\/wp\/v2\/media\/7981"}],"wp:attachment":[{"href":"https:\/\/www.alpesenergy.com\/ch\/wp-json\/wp\/v2\/media?parent=7972"}],"wp:term":[{"taxonomy":"category","embeddable":true,"href":"https:\/\/www.alpesenergy.com\/ch\/wp-json\/wp\/v2\/categories?post=7972"},{"taxonomy":"post_tag","embeddable":true,"href":"https:\/\/www.alpesenergy.com\/ch\/wp-json\/wp\/v2\/tags?post=7972"}],"curies":[{"name":"wp","href":"https:\/\/api.w.org\/{rel}","templated":true}]}}