{"id":8251,"date":"2024-08-27T18:05:43","date_gmt":"2024-08-27T18:05:43","guid":{"rendered":"https:\/\/www.alpesenergy.com\/ch\/?p=8251"},"modified":"2024-08-27T18:56:55","modified_gmt":"2024-08-27T18:56:55","slug":"como-se-produce-electricidad-en-argentina-mix-de-generacion-en-2024","status":"publish","type":"post","link":"https:\/\/www.alpesenergy.com\/ch\/blog\/2024\/08\/27\/como-se-produce-electricidad-en-argentina-mix-de-generacion-en-2024\/","title":{"rendered":"C\u00f3mo se produce electricidad en Argentina: mix de generaci\u00f3n en 2024"},"content":{"rendered":"<p><span style=\"font-weight: 400;\">Junto con el verano, el invierno es uno de los picos de consumo de electricidad en Argentina. Del lado de la generaci\u00f3n, tambi\u00e9n existen diferencias a lo largo del a\u00f1o.<\/span><\/p>\n<p><span style=\"font-weight: 400;\">Lo primero que hay que tener en cuenta es que Argentina produce casi toda la electricidad que consume. En el primer semestre del a\u00f1o se importaron solo 1.6 GWh, sobre todo de Brasil y Uruguay. Esto es poco m\u00e1s del 2% del total de la demanda.\u00a0<\/span><\/p>\n<p><span style=\"font-weight: 400;\">En julio, la generaci\u00f3n de electricidad se distribuy\u00f3 de este modo: 50,9% de fuente t\u00e9rmica, 25,9% hidroel\u00e9ctrica de gran escala, 9,2% nuclear y 14% otras renovables, mayormente e\u00f3lica y luego solar.<\/span><\/p>\n<p><img fetchpriority=\"high\" decoding=\"async\" class=\"aligncenter wp-image-8254 size-full\" src=\"https:\/\/www.alpesenergy.com\/ch\/wp-content\/uploads\/sites\/3\/2024\/08\/participacion-e1724781824607.jpg\" alt=\"participacion\" width=\"850\" height=\"594\" \/><\/p>\n<p style=\"text-align: left;\"><span style=\"font-weight: 400;\">Esta foto es diferente de la potencia instalada, que no refiere a la energ\u00eda neta generada sino a la capacidad total del sistema para entregar energ\u00eda, que actualmente es de 43.788 MW. Aqu\u00ed la potencia t\u00e9rmica llega al 57%, hidro + renovables se mantienen en un 39% y la nuclear cubre apenas al 4%.\u00a0<\/span><\/p>\n<p style=\"text-align: left;\"><span style=\"font-weight: 400;\">Esto es as\u00ed porque las fuentes de generaci\u00f3n cumplen diferentes funciones. La energ\u00eda nuclear es energ\u00eda \u201cde base\u201d, funciona con un factor de carga alto, por encima del 90% (en julio de hecho se marc\u00f3 el <\/span><a href=\"https:\/\/eiys.com.ar\/2024\/08\/16\/la-generacion-nuclear-en-el-pais-rompio-un-record-historico-en-julio\/\"><span style=\"font-weight: 400;\">r\u00e9cord hist\u00f3rico de generaci\u00f3n nuclear<\/span><\/a><span style=\"font-weight: 400;\">, llegando al 96%). En las renovables como la e\u00f3lica y la solar, lo que las distingue es la variabilidad e intermitencia, de acuerdo a la disponibilidad de viento y sol. De hecho, la generaci\u00f3n solar es notablemente m\u00e1s alta en verano.<\/span><\/p>\n<p style=\"text-align: left;\"><span style=\"font-weight: 400;\">Las centrales hidroel\u00e9ctricas tienen distintos reg\u00edmenes de acuerdo a las lluvias y almacenamiento en los embalses. Y las centrales t\u00e9rmicas se caracterizan por su facilidad para aumentar o disminuir la carga, de acuerdo a factores como el precio de los combustibles o el precio de la electricidad.\u00a0<\/span><\/p>\n<p style=\"text-align: left;\"><span style=\"font-weight: 400;\">En los \u00faltimos a\u00f1os, la participaci\u00f3n de la generaci\u00f3n t\u00e9rmica ha disminuido por dos factores:<\/span><\/p>\n<ul style=\"text-align: left;\">\n<li style=\"font-weight: 400;\" aria-level=\"1\"><span style=\"font-weight: 400;\">Incorporaci\u00f3n de nueva potencia instalada renovable<\/span><\/li>\n<li style=\"font-weight: 400;\" aria-level=\"1\"><span style=\"font-weight: 400;\">Mejora de disponibilidad hidr\u00e1ulica<\/span><\/li>\n<\/ul>\n<p style=\"text-align: left;\"><span style=\"font-weight: 400;\">Respecto de los combustibles para la generaci\u00f3n t\u00e9rmica, el gas es por lejos el m\u00e1s utilizado. En julio, lleg\u00f3 al 70,1%, seguido por el gas oil (21,4%), el fuel oil (5,9%) y el carb\u00f3n mineral (2,7%), que se utiliza en la central de R\u00edo Turbio, Santa Cruz.<\/span><\/p>\n<p style=\"text-align: left;\">Somos Alpes Energy, la energ\u00eda que progresa. Pod\u00e9s escribirnos a\u00a0<a href=\"mailto:comercial@alpesenergy.com\">comercial@alpesenergy.com<\/a>\u00a0o llamarnos al\u00a0<a href=\"https:\/\/wa.me\/5491131260140?text=Hola!%20Me%20gustar%C3%ADa%20conocer%20mas%20sobre%20Alpes%20Energy\">+54 9 11 3126-0140<\/a><\/p>\n<p>&nbsp;<\/p>\n","protected":false},"excerpt":{"rendered":"<p>En julio, la generaci\u00f3n de electricidad se dividi\u00f3 pr\u00e1cticamente a la mitad: 50,9% aportado por centrales t\u00e9rmicas y el resto por nuclear, hidroel\u00e9ctricas de escala y otras renovables. \u00bfC\u00f3mo se perfila el mix el\u00e9ctrico nacional?<\/p>\n","protected":false},"author":1,"featured_media":8255,"comment_status":"open","ping_status":"open","sticky":false,"template":"","format":"standard","meta":{"_seopress_robots_primary_cat":"none","_seopress_titles_title":"","_seopress_titles_desc":"","_seopress_robots_index":"","footnotes":""},"categories":[11],"tags":[],"class_list":{"0":"post-8251","1":"post","2":"type-post","3":"status-publish","4":"format-standard","5":"has-post-thumbnail","7":"category-energia-electrica"},"_links":{"self":[{"href":"https:\/\/www.alpesenergy.com\/ch\/wp-json\/wp\/v2\/posts\/8251","targetHints":{"allow":["GET"]}}],"collection":[{"href":"https:\/\/www.alpesenergy.com\/ch\/wp-json\/wp\/v2\/posts"}],"about":[{"href":"https:\/\/www.alpesenergy.com\/ch\/wp-json\/wp\/v2\/types\/post"}],"author":[{"embeddable":true,"href":"https:\/\/www.alpesenergy.com\/ch\/wp-json\/wp\/v2\/users\/1"}],"replies":[{"embeddable":true,"href":"https:\/\/www.alpesenergy.com\/ch\/wp-json\/wp\/v2\/comments?post=8251"}],"version-history":[{"count":10,"href":"https:\/\/www.alpesenergy.com\/ch\/wp-json\/wp\/v2\/posts\/8251\/revisions"}],"predecessor-version":[{"id":8268,"href":"https:\/\/www.alpesenergy.com\/ch\/wp-json\/wp\/v2\/posts\/8251\/revisions\/8268"}],"wp:featuredmedia":[{"embeddable":true,"href":"https:\/\/www.alpesenergy.com\/ch\/wp-json\/wp\/v2\/media\/8255"}],"wp:attachment":[{"href":"https:\/\/www.alpesenergy.com\/ch\/wp-json\/wp\/v2\/media?parent=8251"}],"wp:term":[{"taxonomy":"category","embeddable":true,"href":"https:\/\/www.alpesenergy.com\/ch\/wp-json\/wp\/v2\/categories?post=8251"},{"taxonomy":"post_tag","embeddable":true,"href":"https:\/\/www.alpesenergy.com\/ch\/wp-json\/wp\/v2\/tags?post=8251"}],"curies":[{"name":"wp","href":"https:\/\/api.w.org\/{rel}","templated":true}]}}