{"id":8302,"date":"2024-09-19T19:31:09","date_gmt":"2024-09-19T19:31:09","guid":{"rendered":"https:\/\/www.alpesenergy.com\/ch\/?p=8302"},"modified":"2024-09-20T12:41:51","modified_gmt":"2024-09-20T12:41:51","slug":"gpnk-cuando-comenzara-a-funcionar-a-tope-de-su-capacidad","status":"publish","type":"post","link":"https:\/\/www.alpesenergy.com\/ch\/blog\/2024\/09\/19\/gpnk-cuando-comenzara-a-funcionar-a-tope-de-su-capacidad\/","title":{"rendered":"GPNK: \u00bfCu\u00e1ndo comenzar\u00e1 a funcionar a tope de su capacidad?"},"content":{"rendered":"<p><span style=\"font-weight: 400;\">La primera etapa de puesta en funcionamiento del gasoducto aument\u00f3 la capacidad del sistema en 11 MMm3\/d\u00eda (cerca de un 10% del gas inyectado en 2022). A poco m\u00e1s de un a\u00f1o de su puesta en funcionamiento, los resultados son claros: en 2022, el balance entre exportaciones e importaciones de energ\u00eda tuvo un d\u00e9ficit de 5.328 millones de d\u00f3lares, mientras que en 2023, el d\u00e9ficit fue de apenas 337 millones.\u00a0<\/span><\/p>\n<p><span style=\"font-weight: 400;\">Sin embargo, se hab\u00eda proyectado que para este invierno, el gasoducto estar\u00eda transportando 21 MMm3\/d\u00eda, casi el doble. En julio pasado se puso en marcha la planta de compresi\u00f3n de Tratay\u00e9n, en Neuqu\u00e9n, que ya permiti\u00f3 ampliar esa capacidad t\u00e9cnica hasta los 16 mm3\/d\u00eda. Como su nombre lo indica, este tipo de plantas aumenta la presi\u00f3n en el gasoducto para incrementar el volumen de gas transportado.\u00a0<\/span><\/p>\n<p><span style=\"font-weight: 400;\">Pese a estos valores te\u00f3ricos, el pasado 30 de agosto, la Secretar\u00eda de Energ\u00eda inform\u00f3 que el GPNK alcanz\u00f3 su r\u00e9cord de cantidad de gas transportado, con 21,5 MMm3\/d\u00eda tras el inicio de Tratay\u00e9n. Sin embargo, los especialistas marcan que se trat\u00f3 de un registro excepcional, fuera de promedios normales.<\/span><\/p>\n<p><span style=\"font-weight: 400;\">Para llegar a la capacidad total, deber\u00eda ponerse en funcionamiento otra planta compresora en la otra punta del gasoducto: Salliquel\u00f3, en la frontera Oeste de la Provincia de Buenos Aires. Enarsa, la compa\u00f1\u00eda p\u00fablica que gestiona el gasoducto, hab\u00eda anunciado que estar\u00eda lista en julio. En declaraciones al portal Econojournal, fuentes de la empresa afirmaron:<\/span><a href=\"https:\/\/econojournal.com.ar\/2024\/09\/la-planta-de-salliquelo-recien-podria-estar-operativa-el-mes-proximo\/?utm_source=EconoJournal&amp;utm_campaign=52f234ecac-EMAIL_CAMPAIGN_2024_09_11_10_22&amp;utm_medium=email&amp;utm_term=0_-52f234ecac-%5BLIST_EMAIL_ID%5D\"><span style=\"font-weight: 400;\"> \u201cestamos trabajando para llegar a fin de septiembre\u201d<\/span><\/a><span style=\"font-weight: 400;\">.<\/span><\/p>\n<p><span style=\"font-weight: 400;\">Con esta obra, el GPNK estar\u00e1 finalizada por completo la primera etapa del gasoducto. El segundo tramo a\u00fan no tiene definiciones claras. Originalmente, se hab\u00eda planeado extender la traza hasta la localidad de San Jer\u00f3nimo, en Santa Fe, con el objetivo de llevar gas hacia el norte del pa\u00eds e incluso exportar a Brasil. Seg\u00fan <\/span><a href=\"https:\/\/mase.lmneuquen.com\/el-gobierno-evalua-cambiar-la-traza-del-segundo-tramo-del-gpnk-n1140196\"><span style=\"font-weight: 400;\">versiones period\u00edsticas<\/span><\/a><span style=\"font-weight: 400;\">, el Gobierno est\u00e1 evaluando cambiar ese proyecto y dirigir el segundo tramo hacia La Pampa y luego hacia C\u00f3rdoba, persiguiendo los mismos objetivos.<\/span><\/p>\n<p>Si est\u00e1 interesado en saber m\u00e1s sobre este tema o sobre nuestro negocio, podes escribirnos a\u00a0<a href=\"mailto:comercial@alpesenergy.com\">comercial@alpesenergy.com<\/a>\u00a0o llamarnos al\u00a0<a href=\"https:\/\/wa.me\/5491131260140?text=Hola!%20Me%20gustar%C3%ADa%20conocer%20mas%20sobre%20Alpes%20Energy\">+54 9 11 3126-0140<\/a>.<\/p>\n","protected":false},"excerpt":{"rendered":"<p>En julio de 2023 se inaugur\u00f3 la primera etapa para empezar a transportar 11 MMm3\/d\u00eda y a esta altura del a\u00f1o se esperaba contar con el doble de ese volumen. \u00bfCu\u00e1l es la obra clave que falta?<\/p>\n<p>El Gasoducto Presidente N\u00e9stor Kirchner es una obra clave para darle salida al gas de Vaca Muerta y reemplazar la importaci\u00f3n de fluido, tanto desde Bolivia como en barcos de GNL. <\/p>\n","protected":false},"author":1,"featured_media":8305,"comment_status":"open","ping_status":"open","sticky":false,"template":"","format":"standard","meta":{"_seopress_robots_primary_cat":"none","_seopress_titles_title":"","_seopress_titles_desc":"","_seopress_robots_index":"","footnotes":""},"categories":[10],"tags":[],"class_list":{"0":"post-8302","1":"post","2":"type-post","3":"status-publish","4":"format-standard","5":"has-post-thumbnail","7":"category-gas-natural"},"_links":{"self":[{"href":"https:\/\/www.alpesenergy.com\/ch\/wp-json\/wp\/v2\/posts\/8302","targetHints":{"allow":["GET"]}}],"collection":[{"href":"https:\/\/www.alpesenergy.com\/ch\/wp-json\/wp\/v2\/posts"}],"about":[{"href":"https:\/\/www.alpesenergy.com\/ch\/wp-json\/wp\/v2\/types\/post"}],"author":[{"embeddable":true,"href":"https:\/\/www.alpesenergy.com\/ch\/wp-json\/wp\/v2\/users\/1"}],"replies":[{"embeddable":true,"href":"https:\/\/www.alpesenergy.com\/ch\/wp-json\/wp\/v2\/comments?post=8302"}],"version-history":[{"count":4,"href":"https:\/\/www.alpesenergy.com\/ch\/wp-json\/wp\/v2\/posts\/8302\/revisions"}],"predecessor-version":[{"id":8310,"href":"https:\/\/www.alpesenergy.com\/ch\/wp-json\/wp\/v2\/posts\/8302\/revisions\/8310"}],"wp:featuredmedia":[{"embeddable":true,"href":"https:\/\/www.alpesenergy.com\/ch\/wp-json\/wp\/v2\/media\/8305"}],"wp:attachment":[{"href":"https:\/\/www.alpesenergy.com\/ch\/wp-json\/wp\/v2\/media?parent=8302"}],"wp:term":[{"taxonomy":"category","embeddable":true,"href":"https:\/\/www.alpesenergy.com\/ch\/wp-json\/wp\/v2\/categories?post=8302"},{"taxonomy":"post_tag","embeddable":true,"href":"https:\/\/www.alpesenergy.com\/ch\/wp-json\/wp\/v2\/tags?post=8302"}],"curies":[{"name":"wp","href":"https:\/\/api.w.org\/{rel}","templated":true}]}}