{"id":8330,"date":"2024-10-04T14:50:43","date_gmt":"2024-10-04T14:50:43","guid":{"rendered":"https:\/\/www.alpesenergy.com\/ch\/?p=8330"},"modified":"2024-10-04T14:50:43","modified_gmt":"2024-10-04T14:50:43","slug":"balance-invernal-como-se-movio-el-consumo-de-energia-en-los-meses-frios","status":"publish","type":"post","link":"https:\/\/www.alpesenergy.com\/ch\/blog\/2024\/10\/04\/balance-invernal-como-se-movio-el-consumo-de-energia-en-los-meses-frios\/","title":{"rendered":"Balance invernal: c\u00f3mo se movi\u00f3 el consumo de energ\u00eda en los meses fr\u00edos"},"content":{"rendered":"<p><span style=\"font-weight: 400;\">El invierno es el periodo de mayor consumo de energ\u00eda del a\u00f1o. Si bien el pico de demanda de electricidad ocurre en verano, la diferencia es menor comparada con el aumento de la demanda de gas. En 2024, durante los meses de mayo, junio y julio, se consumi\u00f3 un 30% m\u00e1s gas que en enero, febrero y marzo.\u00a0<\/span><\/p>\n<p><span style=\"font-weight: 400;\">En invierno, la relaci\u00f3n entre temperatura y consumo es directa: a m\u00e1s fr\u00edo, m\u00e1s demanda. De hecho, la calefacci\u00f3n es el principal consumo de energ\u00eda de los hogares. <\/span><a href=\"https:\/\/www.enargas.gob.ar\/secciones\/eficiencia-energetica\/guia_uso_responsable_de_la_energia.pdf\"><span style=\"font-weight: 400;\">De acuerdo a un estudio realizado en 2016 en el AMBA<\/span><\/a><span style=\"font-weight: 400;\">, representa m\u00e1s del 40% del total. En segundo lugar est\u00e1 el agua caliente, que se lleva alrededor del 17%.\u00a0<\/span><\/p>\n<p><span style=\"font-weight: 400;\">En 2024, las temperaturas bajas incidieron claramente en el comportamiento de la demanda del segmento residencial. En mayo, junio, julio y agosto, la temperatura media fue casi 2\u00b0 m\u00e1s baja que en el mismo periodo de 2023.<\/span><\/p>\n<p><span style=\"font-weight: 400;\">En estos cuatro meses, el consumo de electricidad aument\u00f3 un 3,6%, a\u00fan en un contexto de contracci\u00f3n econ\u00f3mica y aumento de tarifas. Esto se explica sobre todo por el aumento de la demanda residencial con bajas temperaturas. El mes m\u00e1s cr\u00edtico fue mayo, en donde los fr\u00edos inusuales (4\u00b0 por debajo de 2023 y 2\u00b0 por debajo del promedio hist\u00f3rico) empujaron un aumento de la demanda residencial del 28% por encima de 2023. A la inversa, el \u00fanico mes en que baj\u00f3 el consumo el\u00e9ctrico (-7%) fue en el mes de junio, cuando la temperatura media estuvo en 14,6\u00b0 C, es decir 1.5\u00b0C m\u00e1s alta que el a\u00f1o pasado.<\/span><\/p>\n<p><span style=\"font-weight: 400;\">En el gas, la demanda total en el trimestre mayo-junio-julio pr\u00e1cticamente no vari\u00f3 vs. 2023, pero la demanda residencial (alrededor del 25% del total) aument\u00f3 en un 13,9%. Este aumento fue compensado por una ca\u00edda en la industria, que en ese periodo demand\u00f3 5,1% menos gas en la comparaci\u00f3n interanual.<\/span><\/p>\n<p>Somos Alpes Energy, la energ\u00eda que progresa. Pod\u00e9s escribirnos a\u00a0<a href=\"mailto:comercial@alpesenergy.com\">comercial@alpesenergy.com<\/a>\u00a0o llamarnos al\u00a0<a href=\"https:\/\/wa.me\/5491131260140?text=Hola!%20Me%20gustar%C3%ADa%20conocer%20mas%20sobre%20Alpes%20Energy\">+54 9 11 3126-0140<\/a><\/p>\n","protected":false},"excerpt":{"rendered":"<p>La temperatura incide directamente en el consumo de energ\u00eda y eso se not\u00f3 en el invierno que acaba de terminar.<\/p>\n","protected":false},"author":1,"featured_media":8333,"comment_status":"open","ping_status":"open","sticky":false,"template":"","format":"standard","meta":{"_seopress_robots_primary_cat":"none","_seopress_titles_title":"","_seopress_titles_desc":"","_seopress_robots_index":"","footnotes":""},"categories":[11],"tags":[],"class_list":{"0":"post-8330","1":"post","2":"type-post","3":"status-publish","4":"format-standard","5":"has-post-thumbnail","7":"category-energia-electrica"},"_links":{"self":[{"href":"https:\/\/www.alpesenergy.com\/ch\/wp-json\/wp\/v2\/posts\/8330","targetHints":{"allow":["GET"]}}],"collection":[{"href":"https:\/\/www.alpesenergy.com\/ch\/wp-json\/wp\/v2\/posts"}],"about":[{"href":"https:\/\/www.alpesenergy.com\/ch\/wp-json\/wp\/v2\/types\/post"}],"author":[{"embeddable":true,"href":"https:\/\/www.alpesenergy.com\/ch\/wp-json\/wp\/v2\/users\/1"}],"replies":[{"embeddable":true,"href":"https:\/\/www.alpesenergy.com\/ch\/wp-json\/wp\/v2\/comments?post=8330"}],"version-history":[{"count":1,"href":"https:\/\/www.alpesenergy.com\/ch\/wp-json\/wp\/v2\/posts\/8330\/revisions"}],"predecessor-version":[{"id":8334,"href":"https:\/\/www.alpesenergy.com\/ch\/wp-json\/wp\/v2\/posts\/8330\/revisions\/8334"}],"wp:featuredmedia":[{"embeddable":true,"href":"https:\/\/www.alpesenergy.com\/ch\/wp-json\/wp\/v2\/media\/8333"}],"wp:attachment":[{"href":"https:\/\/www.alpesenergy.com\/ch\/wp-json\/wp\/v2\/media?parent=8330"}],"wp:term":[{"taxonomy":"category","embeddable":true,"href":"https:\/\/www.alpesenergy.com\/ch\/wp-json\/wp\/v2\/categories?post=8330"},{"taxonomy":"post_tag","embeddable":true,"href":"https:\/\/www.alpesenergy.com\/ch\/wp-json\/wp\/v2\/tags?post=8330"}],"curies":[{"name":"wp","href":"https:\/\/api.w.org\/{rel}","templated":true}]}}