{"id":8862,"date":"2025-05-08T19:00:21","date_gmt":"2025-05-08T19:00:21","guid":{"rendered":"https:\/\/www.alpesenergy.com\/ch\/?p=8862"},"modified":"2025-05-08T20:05:53","modified_gmt":"2025-05-08T20:05:53","slug":"gas-natural-en-las-usinas-record-historico-en-febrero-y-senales-de-cambio-en-la-matriz-energetica","status":"publish","type":"post","link":"https:\/\/www.alpesenergy.com\/ch\/blog\/2025\/05\/08\/gas-natural-en-las-usinas-record-historico-en-febrero-y-senales-de-cambio-en-la-matriz-energetica\/","title":{"rendered":"R\u00e9cord hist\u00f3rico de consumo de gas natural para generaci\u00f3n el\u00e9ctrica"},"content":{"rendered":"<p><span style=\"font-weight: 400;\">En comparaci\u00f3n, en febrero de 2023 se consumieron unos 49 millones de m\u00b3\/d\u00eda y en febrero de 2024, 56 millones. El salto interanual fue del 9%, y del 24% respecto a dos a\u00f1os atr\u00e1s.<\/span><\/p>\n<p><span style=\"font-weight: 400;\">El disparador fue una fuerte <\/span><b>ola de calor<\/b><span style=\"font-weight: 400;\">, que llev\u00f3 la demanda el\u00e9ctrica a niveles in\u00e9ditos: el<a href=\"https:\/\/www.linkedin.com\/posts\/alpes-energy_energaeda-demandaelaezctrica-argentina-activity-7295865164367618048-1Baf?utm_source=share&amp;utm_medium=member_desktop&amp;rcm=ACoAACw3JoIBg8iidICCI1YO_VHvBXAn5-66JSQ\"> 10 de febrero se alcanz\u00f3 un <\/a><\/span><b>r\u00e9cord de potencia m\u00e1xima de 30.257 MW<\/b><span style=\"font-weight: 400;\">. Frente a este salto, el sistema respondi\u00f3 utilizando casi exclusivamente gas natural.<\/span><\/p>\n<p><span style=\"font-weight: 400;\">Este r\u00e9cord fue posible gracias a:<\/span><\/p>\n<ul>\n<li style=\"font-weight: 400;\" aria-level=\"1\"><b>Producci\u00f3n r\u00e9cord en Vaca Muerta<\/b>, que alcanz\u00f3 los 97,6 millones de m\u00b3 diarios, lo que representa un aumento del 5% respecto a enero.<\/li>\n<li><b>Avances en infraestructura de transporte<\/b>, como la reversi\u00f3n del Gasoducto Norte y la puesta en operaci\u00f3n de nuevas plantas compresoras, tanto en ese gasoducto como en el Perito Moreno.<\/li>\n<li style=\"font-weight: 400;\" aria-level=\"1\"><span style=\"font-weight: 400;\"><b>Un parque t\u00e9rmico disponible y operativo<\/b>, con capacidad para funcionar a plena carga cuando la demanda lo requiere.<\/span><\/li>\n<\/ul>\n<p>&nbsp;<\/p>\n<p>Las condiciones que hoy facilitan el acceso al gas natural no solo permiten <b>desplazar combustibles l\u00edquidos <\/b>\u2014como el fuel oil, gas oil o carb\u00f3n\u2014, sino que tambi\u00e9n <b>reducen los costos del sistema el\u00e9ctrico<\/b>, <b>disminuyen la necesidad de importaciones<\/b> y reflejan <b>avances concretos hacia una menor dependencia externa<\/b> frente a los picos de demanda.<\/p>\n<p>En a\u00f1os anteriores, el nivel de cobertura con gas natural promediaba entre el 85% y 90%. El resultado actual evidencia un cambio operativo significativo en la matriz de generaci\u00f3n.<\/p>\n<p>A modo de referencia, <b>Brasil<\/b>, a pesar de contar con una econom\u00eda y una demanda el\u00e9ctrica significativamente mayores, <b>utiliza en promedio unos 15 millones de m\u00b3 diarios de gas natural para generaci\u00f3n el\u00e9ctrica<\/b>. En 2024, su consumo promedio fue de 14,7 MMm\u00b3\/d\u00eda, y a\u00fan en situaciones cr\u00edticas, el operador el\u00e9ctrico no suele despachar m\u00e1s de 20 MMm\u00b3\/d\u00eda. Aun muy lejos del r\u00e9cord Argentino de 61 MMm3\/d\u00eda.<\/p>\n<p><span style=\"font-weight: 400;\">Ahora bien, el desaf\u00edo sigue siendo sostener esta tendencia en invierno, cuando la demanda residencial de gas compite con la el\u00e9ctrica. Pero si algo mostr\u00f3 febrero, es que con gas nacional, infraestructura adecuada y gesti\u00f3n eficiente, Argentina puede cubrir picos de demanda con energ\u00eda propia, m\u00e1s competitiva y m\u00e1s limpia.<\/span><\/p>\n<div>Si bien el autoabastecimiento pleno a\u00fan no se ha concretado, el caso de febrero demuestra que Argentina cuenta con la capacidad de cubrir su demanda el\u00e9ctrica estival sin recurrir a importaciones significativas de gas ni incurrir en altos costos asociados a la compra de combustibles alternativos en el exterior.<\/div>\n<p>\u00bfQueres conocer mas sobre el mercado energ\u00e9tico? Contactanos a\u00a0<a class=\"CSjrqhxOAEorzMiBTefPjPDZCYXKeHCeTqUI \" tabindex=\"0\" href=\"mailto:comercia@alpesenergy.com\" target=\"_self\" data-test-app-aware-link=\"\">comercial@alpesenergy.com<\/a> o +54 11 3126-0140.<\/p>\n","protected":false},"excerpt":{"rendered":"<p>En febrero de 2025, Argentina marc\u00f3 un nuevo hito en su sistema energ\u00e9tico: las centrales t\u00e9rmicas consumieron 61 millones de m\u00b3 diarios de gas natural, el nivel m\u00e1s alto desde al menos 2013. Esta cifra, que represent\u00f3 el 98% de los combustibles utilizados para generar electricidad, refleja c\u00f3mo se est\u00e1n alineando tres factores clave: m\u00e1s demanda el\u00e9ctrica, m\u00e1s gas disponible y mayor capacidad de transporte.<\/p>\n","protected":false},"author":1,"featured_media":8865,"comment_status":"open","ping_status":"open","sticky":false,"template":"","format":"standard","meta":{"_seopress_robots_primary_cat":"none","_seopress_titles_title":"","_seopress_titles_desc":"","_seopress_robots_index":"","footnotes":""},"categories":[11,10],"tags":[],"class_list":{"0":"post-8862","1":"post","2":"type-post","3":"status-publish","4":"format-standard","5":"has-post-thumbnail","7":"category-energia-electrica","8":"category-gas-natural"},"_links":{"self":[{"href":"https:\/\/www.alpesenergy.com\/ch\/wp-json\/wp\/v2\/posts\/8862","targetHints":{"allow":["GET"]}}],"collection":[{"href":"https:\/\/www.alpesenergy.com\/ch\/wp-json\/wp\/v2\/posts"}],"about":[{"href":"https:\/\/www.alpesenergy.com\/ch\/wp-json\/wp\/v2\/types\/post"}],"author":[{"embeddable":true,"href":"https:\/\/www.alpesenergy.com\/ch\/wp-json\/wp\/v2\/users\/1"}],"replies":[{"embeddable":true,"href":"https:\/\/www.alpesenergy.com\/ch\/wp-json\/wp\/v2\/comments?post=8862"}],"version-history":[{"count":8,"href":"https:\/\/www.alpesenergy.com\/ch\/wp-json\/wp\/v2\/posts\/8862\/revisions"}],"predecessor-version":[{"id":8875,"href":"https:\/\/www.alpesenergy.com\/ch\/wp-json\/wp\/v2\/posts\/8862\/revisions\/8875"}],"wp:featuredmedia":[{"embeddable":true,"href":"https:\/\/www.alpesenergy.com\/ch\/wp-json\/wp\/v2\/media\/8865"}],"wp:attachment":[{"href":"https:\/\/www.alpesenergy.com\/ch\/wp-json\/wp\/v2\/media?parent=8862"}],"wp:term":[{"taxonomy":"category","embeddable":true,"href":"https:\/\/www.alpesenergy.com\/ch\/wp-json\/wp\/v2\/categories?post=8862"},{"taxonomy":"post_tag","embeddable":true,"href":"https:\/\/www.alpesenergy.com\/ch\/wp-json\/wp\/v2\/tags?post=8862"}],"curies":[{"name":"wp","href":"https:\/\/api.w.org\/{rel}","templated":true}]}}