{"id":8877,"date":"2025-05-30T20:35:55","date_gmt":"2025-05-30T20:35:55","guid":{"rendered":"https:\/\/www.alpesenergy.com\/ch\/?p=8877"},"modified":"2025-06-12T18:41:36","modified_gmt":"2025-06-12T18:41:36","slug":"quien-consume-el-gas-natural-en-argentina","status":"publish","type":"post","link":"https:\/\/www.alpesenergy.com\/ch\/blog\/2025\/05\/30\/quien-consume-el-gas-natural-en-argentina\/","title":{"rendered":"\u00bfQui\u00e9n consume el gas natural en Argentina?"},"content":{"rendered":"<p><span style=\"font-weight: 400;\">A lo largo de<strong data-start=\"232\" data-end=\"354\"> 2024, en Argentina <\/strong>demand\u00f3 dentro del sistema<strong data-start=\"232\" data-end=\"354\"> en promedio unos 107 millones de metros c\u00fabicos diarios de gas natural.<\/strong> El principal destino fue el sector industrial, que consumi\u00f3 unos <strong>34,5\u00a0millones de m\u00b3\/d\u00eda<\/strong> (<strong data-start=\"449\" data-end=\"457\">32\u202f%<\/strong> del total). Las centrales el\u00e9ctricas siguieron con un promedio de <strong data-start=\"524\" data-end=\"549\">31,4 millones de m\u00b3\/d\u00eda<\/strong> (<strong data-start=\"551\" data-end=\"559\" data-is-only-node=\"\">30\u202f%<\/strong>), destinadas a la generaci\u00f3n de energ\u00eda. El consumo residencial \u2014con fuertes picos en invierno\u2014 represent\u00f3 unos <strong>27,6\u00a0millones de m\u00b3\/d\u00eda<\/strong> (<strong data-start=\"701\" data-end=\"709\">26\u202f%<\/strong>). Por su parte, los comercios y el GNC absorbieron cada uno cerca de <strong data-start=\"779\" data-end=\"805\">5,7\u00a0 millones de m\u00b3\/d\u00eda<\/strong> (<strong data-start=\"807\" data-end=\"814\">5\u202f%<\/strong> en ambos casos). <\/span><\/p>\n<p><span style=\"font-weight: 400;\">Durante los <strong>meses m\u00e1s fr\u00edos del a\u00f1o<\/strong> \u2014de mayo a septiembre\u2014 el consumo residencial se dispara. Calefaccionar hogares en un pa\u00eds con buena parte de su poblaci\u00f3n conectada a redes de gas genera un pico estacional que se refleja en las cifras. Este sector explic\u00f3 el <\/span><b>38,6% del consumo total de gas en invierno<\/b><span style=\"font-weight: 400;\">, muy por encima del resto. La industria lo sigui\u00f3 con el 26,6%, mientras que las centrales el\u00e9ctricas demandaron un 20,9%.<\/span><\/p>\n<p><span style=\"font-weight: 400;\">Pero la escena cambia cuando llega el calor. Entre octubre y abril, <\/span><b>los hogares pierden protagonismo<\/b><span style=\"font-weight: 400;\">, cayendo a solo el 14,4% del consumo. En su lugar, <\/span><b>la industria y la generaci\u00f3n el\u00e9ctrica pasan al frente<\/b><span style=\"font-weight: 400;\">, con el 37,6% y 37,1% respectivamente. En estos meses, el gas alimenta procesos productivos y tambi\u00e9n la generaci\u00f3n el\u00e9ctrica necesaria para sostener el uso masivo de aires acondicionados en d\u00edas de altas temperaturas.<\/span><\/p>\n<p><span style=\"font-weight: 400;\">Si miramos el promedio diario de consumo, el invierno demand\u00f3 unos 120 millones de metros c\u00fabicos por d\u00eda, mientras que en verano la cifra baj\u00f3 a 96 millones. Pero m\u00e1s all\u00e1 del volumen total, <\/span><b>la clave est\u00e1 en c\u00f3mo cambia la composici\u00f3n de esa demanda<\/b><span style=\"font-weight: 400;\">. Lo que se perfila es un sistema con dos l\u00f3gicas bien diferenciadas: una m\u00e1s ligada a la calefacci\u00f3n de los hogares, y otra m\u00e1s vinculada a la actividad econ\u00f3mica y el abastecimiento el\u00e9ctrico.<\/span><\/p>\n<p><img fetchpriority=\"high\" decoding=\"async\" class=\"aligncenter wp-image-8881 size-large\" src=\"https:\/\/www.alpesenergy.com\/ch\/wp-content\/uploads\/sites\/3\/2025\/05\/comparativo-de-demanda.jpg-e1748637222384-1024x549.jpg\" alt=\"comparativo de demanda.jpg\" width=\"800\" height=\"429\" srcset=\"https:\/\/www.alpesenergy.com\/ch\/wp-content\/uploads\/sites\/3\/2025\/05\/comparativo-de-demanda.jpg-e1748637222384-1024x549.jpg 1024w, https:\/\/www.alpesenergy.com\/ch\/wp-content\/uploads\/sites\/3\/2025\/05\/comparativo-de-demanda.jpg-e1748637222384-300x161.jpg 300w, https:\/\/www.alpesenergy.com\/ch\/wp-content\/uploads\/sites\/3\/2025\/05\/comparativo-de-demanda.jpg-e1748637222384-768x412.jpg 768w, https:\/\/www.alpesenergy.com\/ch\/wp-content\/uploads\/sites\/3\/2025\/05\/comparativo-de-demanda.jpg-e1748637222384-1536x824.jpg 1536w, https:\/\/www.alpesenergy.com\/ch\/wp-content\/uploads\/sites\/3\/2025\/05\/comparativo-de-demanda.jpg-e1748637222384-2048x1099.jpg 2048w\" sizes=\"(max-width: 800px) 100vw, 800px\" \/><\/p>\n<p><span style=\"font-weight: 400;\">Al analizar el consumo de gas en todo el a\u00f1o, surge otro dato revelador: <\/span><b>casi dos tercios del gas entregado en 2024 fue a parar a la industria o a centrales el\u00e9ctricas<\/b><span style=\"font-weight: 400;\">. Esto no solo reafirma su rol estructural, sino que tambi\u00e9n plantea preguntas sobre c\u00f3mo gestionar esa dependencia en un contexto de precios vol\u00e1tiles, restricciones de abastecimiento y transici\u00f3n energ\u00e9tica en marcha.<\/span><\/p>\n<p><em data-start=\"292\" data-end=\"316\">Y<\/em> en lo que va de 2025, la tendencia se consolida: entre enero y marzo, el <strong data-start=\"369\" data-end=\"444\">78,5% del gas entregado fue a la industria y a las centrales el\u00e9ctricas.<\/strong><\/p>\n<p>Adem\u00e1s, <strong data-start=\"530\" data-end=\"592\">febrero marc\u00f3 un <a href=\"https:\/\/www.alpesenergy.com\/ch\/blog\/gas-natural-en-las-usinas-record-historico-en-febrero-y-senales-de-cambio-en-la-matriz-energetica\/\">r\u00e9cord hist\u00f3rico de consumo diario en las usinas<\/a><\/strong>, con\u00a0<strong>61mil Dam\u00b3\/d\u00eda<\/strong>, representando un <strong data-start=\"650\" data-end=\"687\">48% del total entregado ese d\u00eda.<\/strong>\u00a0Un n\u00famero que habla por s\u00ed solo del peso del gas en la generaci\u00f3n el\u00e9ctrica argentina.<\/p>\n<p><span style=\"font-weight: 400;\">En <\/span><b>Alpes Energy<\/b><span style=\"font-weight: 400;\">, monitoreamos de cerca c\u00f3mo se comporta el sistema energ\u00e9tico en cada momento del a\u00f1o. Analizar el consumo estacional de gas no es solo una mirada t\u00e9cnica: es parte de nuestra tarea diaria para anticipar picos de demanda, detectar cuellos de botella y ofrecer a nuestros clientes soluciones m\u00e1s eficientes y adaptadas a su perfil.\u00a0<\/span>Contactanos hoy mismo a\u00a0<a href=\"mailto:comercial@alpesenergy.com\" target=\"_blank\" rel=\"noopener\">comercial@alpesenergy.com<\/a>\u00a0o llamarnos al\u00a0<a href=\"https:\/\/wa.me\/5491131260140?text=Hola!%20Me%20gustar%C3%ADa%20conocer%20mas%20sobre%20Alpes%20Energy\" target=\"_blank\" rel=\"noopener\">+54 9 11 3126-0140<\/a>.<\/p>\n","protected":false},"excerpt":{"rendered":"<p>En Argentina, el gas natural no solo es el coraz\u00f3n de la matriz energ\u00e9tica: tambi\u00e9n es un term\u00f3metro que marca c\u00f3mo se mueve la econom\u00eda, el clima y el sistema el\u00e9ctrico. Estos son los principales sectores que demandaron gas natural en Argentina durante 2024. <\/p>\n","protected":false},"author":1,"featured_media":8880,"comment_status":"open","ping_status":"open","sticky":false,"template":"","format":"standard","meta":{"_seopress_robots_primary_cat":"none","_seopress_titles_title":"","_seopress_titles_desc":"","_seopress_robots_index":"","footnotes":""},"categories":[10],"tags":[],"class_list":{"0":"post-8877","1":"post","2":"type-post","3":"status-publish","4":"format-standard","5":"has-post-thumbnail","7":"category-gas-natural"},"_links":{"self":[{"href":"https:\/\/www.alpesenergy.com\/ch\/wp-json\/wp\/v2\/posts\/8877","targetHints":{"allow":["GET"]}}],"collection":[{"href":"https:\/\/www.alpesenergy.com\/ch\/wp-json\/wp\/v2\/posts"}],"about":[{"href":"https:\/\/www.alpesenergy.com\/ch\/wp-json\/wp\/v2\/types\/post"}],"author":[{"embeddable":true,"href":"https:\/\/www.alpesenergy.com\/ch\/wp-json\/wp\/v2\/users\/1"}],"replies":[{"embeddable":true,"href":"https:\/\/www.alpesenergy.com\/ch\/wp-json\/wp\/v2\/comments?post=8877"}],"version-history":[{"count":8,"href":"https:\/\/www.alpesenergy.com\/ch\/wp-json\/wp\/v2\/posts\/8877\/revisions"}],"predecessor-version":[{"id":8925,"href":"https:\/\/www.alpesenergy.com\/ch\/wp-json\/wp\/v2\/posts\/8877\/revisions\/8925"}],"wp:featuredmedia":[{"embeddable":true,"href":"https:\/\/www.alpesenergy.com\/ch\/wp-json\/wp\/v2\/media\/8880"}],"wp:attachment":[{"href":"https:\/\/www.alpesenergy.com\/ch\/wp-json\/wp\/v2\/media?parent=8877"}],"wp:term":[{"taxonomy":"category","embeddable":true,"href":"https:\/\/www.alpesenergy.com\/ch\/wp-json\/wp\/v2\/categories?post=8877"},{"taxonomy":"post_tag","embeddable":true,"href":"https:\/\/www.alpesenergy.com\/ch\/wp-json\/wp\/v2\/tags?post=8877"}],"curies":[{"name":"wp","href":"https:\/\/api.w.org\/{rel}","templated":true}]}}