{"id":9003,"date":"2025-07-22T19:08:40","date_gmt":"2025-07-22T19:08:40","guid":{"rendered":"https:\/\/www.alpesenergy.com\/ch\/?p=9003"},"modified":"2025-07-24T19:23:39","modified_gmt":"2025-07-24T19:23:39","slug":"parque-san-luis-norte-el-primer-parque-hibrido-solar-eolico-del-pais","status":"publish","type":"post","link":"https:\/\/www.alpesenergy.com\/ch\/blog\/2025\/07\/22\/parque-san-luis-norte-el-primer-parque-hibrido-solar-eolico-del-pais\/","title":{"rendered":"Parque San Luis Norte: el primer parque h\u00edbrido solar-e\u00f3lico del pa\u00eds"},"content":{"rendered":"<p><span style=\"font-weight: 400;\">Con una capacidad total de <\/span><b>130,5\u202fMW<\/b><span style=\"font-weight: 400;\">, el parque integra <\/span><b>25 aerogeneradores (112,5\u202fMW)<\/b><span style=\"font-weight: 400;\"> con una planta solar de <\/span><b>18\u202fMW<\/b><span style=\"font-weight: 400;\">, compuesta por 35.000 paneles fotovoltaicos montados sobre estructuras m\u00f3viles (trackers). El <\/span><b>11 de julio de 2025<\/b><span style=\"font-weight: 400;\">, la secci\u00f3n solar entr\u00f3 en operaci\u00f3n comercial y comenz\u00f3 a inyectar energ\u00eda al SADI (Sistema Argentino de Interconexi\u00f3n), sum\u00e1ndose a la generaci\u00f3n e\u00f3lica que ya funcionaba desde 2024.<\/span><\/p>\n<h4><b>Un modelo de generaci\u00f3n m\u00e1s eficiente y complementario<\/b><\/h4>\n<p><span style=\"font-weight: 400;\">La particularidad del proyecto no radica solamente en su potencia, sino en su <\/span><b>modelo operativo<\/b><span style=\"font-weight: 400;\">: ambas fuentes de energ\u00eda comparten infraestructura el\u00e9ctrica, lo que permite <\/span><b>reducir costos, optimizar el uso del suelo y mejorar la continuidad en la generaci\u00f3n<\/b><span style=\"font-weight: 400;\">. La combinaci\u00f3n de sol y viento en un mismo parque ayuda a <\/span><b>suavizar las variaciones naturales<\/b><span style=\"font-weight: 400;\"> que afectan a cada fuente por separado, lo que resulta clave para fortalecer la confiabilidad de las renovables en el sistema el\u00e9ctrico nacional.<\/span><\/p>\n<p><iframe title=\"PCR -  Parque Solar San Luis Norte\" width=\"800\" height=\"450\" src=\"https:\/\/www.youtube.com\/embed\/NRETkp3ntEg?feature=oembed\" frameborder=\"0\" allow=\"accelerometer; autoplay; clipboard-write; encrypted-media; gyroscope; picture-in-picture; web-share\" referrerpolicy=\"strict-origin-when-cross-origin\" allowfullscreen><\/iframe><\/p>\n<h4><b>El contexto: \u00bfQu\u00e9 lugar ocupan hoy las renovables en la matriz energ\u00e9tica del pa\u00eds?<\/b><\/h4>\n<p><span style=\"font-weight: 400;\">El desarrollo de San Luis Norte se inserta en un contexto de crecimiento sostenido de las energ\u00edas renovables en el pa\u00eds:<\/span><\/p>\n<ul>\n<li style=\"font-weight: 400;\" aria-level=\"1\"><span style=\"font-weight: 400;\">La <\/span><b>energ\u00eda e\u00f3lica<\/b><span style=\"font-weight: 400;\"> alcanz\u00f3 los <\/span><b>4.346\u202fMW<\/b><span style=\"font-weight: 400;\"> de potencia instalada a mediados de 2025, con alrededor de 70 parques operativos.<\/span><\/li>\n<li style=\"font-weight: 400;\" aria-level=\"1\"><span style=\"font-weight: 400;\">La <\/span><b>solar fotovoltaica<\/b><span style=\"font-weight: 400;\"> lleg\u00f3 a <\/span><b>2.080\u202fMW<\/b><span style=\"font-weight: 400;\">, con fuerte presencia en el NOA, Cuyo y el oeste argentino.<\/span><\/li>\n<li style=\"font-weight: 400;\" aria-level=\"1\"><span style=\"font-weight: 400;\">En conjunto, las fuentes renovables contempladas por la <\/span><b>Ley 26.190<\/b><span style=\"font-weight: 400;\"> representan cerca del <\/span><b>16\u202f% de la potencia instalada<\/b><span style=\"font-weight: 400;\"> total del pa\u00eds.<\/span><span style=\"font-weight: 400;\"><br \/>\n<\/span><\/li>\n<\/ul>\n<p><span style=\"font-weight: 400;\">A pesar de este avance, el potencial sigue siendo enorme. Proyectos como San Luis Norte no solo aportan megavatios, sino que abren el camino hacia un modelo energ\u00e9tico m\u00e1s flexible, eficiente y sustentable.<\/span><\/p>\n<p style=\"text-align: center;\"><img fetchpriority=\"high\" decoding=\"async\" class=\"aligncenter  wp-image-9007\" src=\"https:\/\/www.alpesenergy.com\/ch\/wp-content\/uploads\/sites\/3\/2025\/07\/primer-hibrido-100-1024x718.jpg\" alt=\"primer hibrido 100\" width=\"900\" height=\"631\" srcset=\"https:\/\/www.alpesenergy.com\/ch\/wp-content\/uploads\/sites\/3\/2025\/07\/primer-hibrido-100-1024x718.jpg 1024w, https:\/\/www.alpesenergy.com\/ch\/wp-content\/uploads\/sites\/3\/2025\/07\/primer-hibrido-100-300x210.jpg 300w, https:\/\/www.alpesenergy.com\/ch\/wp-content\/uploads\/sites\/3\/2025\/07\/primer-hibrido-100-768x539.jpg 768w, https:\/\/www.alpesenergy.com\/ch\/wp-content\/uploads\/sites\/3\/2025\/07\/primer-hibrido-100.jpg 1106w\" sizes=\"(max-width: 900px) 100vw, 900px\" \/><\/p>\n<h4><b>\u00bfSe puede replicar este modelo?<\/b><\/h4>\n<p><span style=\"font-weight: 400;\">La experiencia de San Luis ya inspira nuevas iniciativas. Se proyectan <\/span><b>complejos h\u00edbridos en otras provincias<\/b><span style=\"font-weight: 400;\">, como en <\/span><b>Olavarr\u00eda (Buenos Aires)<\/b><span style=\"font-weight: 400;\">, donde se prev\u00e9 instalar un nuevo parque e\u00f3lico de gran escala con integraci\u00f3n solar, o en <\/span><b>La Rioja<\/b><span style=\"font-weight: 400;\">, donde se ampliar\u00e1 el Parque Arauco con una secci\u00f3n fotovoltaica adicional de 60\u202fMW.<\/span><\/p>\n<p><span style=\"font-weight: 400;\">La clave est\u00e1 en seguir promoviendo marcos normativos, acceso a financiamiento y planificaci\u00f3n energ\u00e9tica de largo plazo, que permitan escalar soluciones como estas en distintas regiones del pa\u00eds.<\/span><\/p>\n<p><span style=\"font-weight: 400;\">En <\/span><b>Alpes Energy<\/b><span style=\"font-weight: 400;\">, somos una comercializadora de energ\u00eda enfocada en fuentes renovables. Acompa\u00f1amos a las industrias a acceder a las mejores oportunidades disponibles y dise\u00f1ar contratos de energ\u00eda a medida. Contactanos hoy mismo a comercial@alpesenergy.com o <\/span><a href=\"https:\/\/wa.me\/5491131260140?text=Hola!%20Me%20gustar%C3%ADa%20conocer%20mas%20sobre%20Alpes%20Energy\"><span style=\"font-weight: 400;\">+54 9 11 3126-0140<\/span><\/a><span style=\"font-weight: 400;\">.<\/span><\/p>\n","protected":false},"excerpt":{"rendered":"<p>La reciente entrada en operaci\u00f3n del Parque San Luis Norte marca un nuevo cap\u00edtulo para la transici\u00f3n energ\u00e9tica argentina. Ubicado en Toro Negro, departamento Belgrano de la provincia de San Luis, este innovador complejo se convirti\u00f3 en el primer parque h\u00edbrido solar-e\u00f3lico del pa\u00eds, combinando en un mismo predio generaci\u00f3n de energ\u00eda e\u00f3lica y solar.<\/p>\n","protected":false},"author":1,"featured_media":9006,"comment_status":"open","ping_status":"open","sticky":false,"template":"","format":"standard","meta":{"_seopress_robots_primary_cat":"none","_seopress_titles_title":"","_seopress_titles_desc":"","_seopress_robots_index":"","footnotes":""},"categories":[11],"tags":[20,15,16,19,21,18,17],"class_list":{"0":"post-9003","1":"post","2":"type-post","3":"status-publish","4":"format-standard","5":"has-post-thumbnail","7":"category-energia-electrica","8":"tag-cammesa","9":"tag-energia-renovable","10":"tag-energy","11":"tag-mater","12":"tag-ppa","13":"tag-renewables","14":"tag-solar"},"_links":{"self":[{"href":"https:\/\/www.alpesenergy.com\/ch\/wp-json\/wp\/v2\/posts\/9003","targetHints":{"allow":["GET"]}}],"collection":[{"href":"https:\/\/www.alpesenergy.com\/ch\/wp-json\/wp\/v2\/posts"}],"about":[{"href":"https:\/\/www.alpesenergy.com\/ch\/wp-json\/wp\/v2\/types\/post"}],"author":[{"embeddable":true,"href":"https:\/\/www.alpesenergy.com\/ch\/wp-json\/wp\/v2\/users\/1"}],"replies":[{"embeddable":true,"href":"https:\/\/www.alpesenergy.com\/ch\/wp-json\/wp\/v2\/comments?post=9003"}],"version-history":[{"count":6,"href":"https:\/\/www.alpesenergy.com\/ch\/wp-json\/wp\/v2\/posts\/9003\/revisions"}],"predecessor-version":[{"id":9029,"href":"https:\/\/www.alpesenergy.com\/ch\/wp-json\/wp\/v2\/posts\/9003\/revisions\/9029"}],"wp:featuredmedia":[{"embeddable":true,"href":"https:\/\/www.alpesenergy.com\/ch\/wp-json\/wp\/v2\/media\/9006"}],"wp:attachment":[{"href":"https:\/\/www.alpesenergy.com\/ch\/wp-json\/wp\/v2\/media?parent=9003"}],"wp:term":[{"taxonomy":"category","embeddable":true,"href":"https:\/\/www.alpesenergy.com\/ch\/wp-json\/wp\/v2\/categories?post=9003"},{"taxonomy":"post_tag","embeddable":true,"href":"https:\/\/www.alpesenergy.com\/ch\/wp-json\/wp\/v2\/tags?post=9003"}],"curies":[{"name":"wp","href":"https:\/\/api.w.org\/{rel}","templated":true}]}}