{"id":9545,"date":"2025-08-14T13:08:21","date_gmt":"2025-08-14T13:08:21","guid":{"rendered":"https:\/\/www.alpesenergy.com\/?p=9118"},"modified":"2025-08-14T13:08:21","modified_gmt":"2025-08-14T13:08:21","slug":"brasil-inaugura-la-mayor-central-termoelectrica-a-gas-natural-de-america-latina","status":"publish","type":"post","link":"https:\/\/www.alpesenergy.com\/ch\/blog\/2025\/08\/14\/brasil-inaugura-la-mayor-central-termoelectrica-a-gas-natural-de-america-latina\/","title":{"rendered":"Brasil inaugura la mayor central termoel\u00e9ctrica a gas natural de Am\u00e9rica Latina"},"content":{"rendered":"<p data-start=\"694\" data-end=\"1031\">La GNA II es capaz de abastecer a aproximadamente <strong data-start=\"744\" data-end=\"769\">8 millones de hogares<\/strong>, aportando cerca del <strong data-start=\"791\" data-end=\"798\">10%<\/strong> de toda la generaci\u00f3n el\u00e9ctrica a gas natural del pa\u00eds. Su puesta en marcha refuerza la capacidad firme del sistema brasile\u00f1o, especialmente relevante en per\u00edodos de baja hidraulicidad, cuando la generaci\u00f3n hidroel\u00e9ctrica disminuye.<\/p>\n<p data-start=\"1061\" data-end=\"1408\">La central opera bajo un esquema de <strong data-start=\"1097\" data-end=\"1116\">ciclo combinado<\/strong>, integrando <strong data-start=\"1129\" data-end=\"1150\">3 turbinas de gas<\/strong> y <strong data-start=\"1153\" data-end=\"1175\">1 turbina de vapor<\/strong>. Este dise\u00f1o le permite aprovechar el calor residual para producir unos <strong data-start=\"1243\" data-end=\"1274\">572 megavatios adicionales<\/strong>, un <strong data-start=\"1279\" data-end=\"1302\">35% m\u00e1s de potencia<\/strong> sin consumo extra de combustible.<br data-start=\"1336\" data-end=\"1339\" \/>Adem\u00e1s, la planta cuenta con caracter\u00edsticas pensadas para el futuro:<\/p>\n<ul data-start=\"1409\" data-end=\"1714\">\n<li data-start=\"1409\" data-end=\"1489\">\n<p data-start=\"1411\" data-end=\"1489\">Preparada para operar con hasta <strong data-start=\"1443\" data-end=\"1463\">50% de hidr\u00f3geno<\/strong> mezclado con gas natural.<\/p>\n<\/li>\n<li data-start=\"1490\" data-end=\"1607\">\n<p data-start=\"1492\" data-end=\"1607\">Unidad de <strong data-start=\"1502\" data-end=\"1535\">desalinizaci\u00f3n de agua de mar<\/strong> para refrigeraci\u00f3n, evitando el uso de recursos h\u00eddricos continentales.<\/p>\n<\/li>\n<li data-start=\"1608\" data-end=\"1714\">\n<p data-start=\"1610\" data-end=\"1714\">Ubicaci\u00f3n estrat\u00e9gica junto al puerto, facilitando la log\u00edstica de combustible y el despacho de energ\u00eda.<\/p>\n<\/li>\n<\/ul>\n<p data-start=\"1743\" data-end=\"2096\">La construcci\u00f3n de GNA II demand\u00f3 una inversi\u00f3n aproximada de <strong data-start=\"1805\" data-end=\"1834\">1.200 millones de d\u00f3lares<\/strong>. Forma parte del <strong data-start=\"1852\" data-end=\"1883\">Complejo Termoel\u00e9ctrico GNA<\/strong>, que junto con la GNA I totaliza <strong data-start=\"1917\" data-end=\"1938\">3 GW de capacidad<\/strong> y una inversi\u00f3n acumulada de unos <strong data-start=\"1973\" data-end=\"2002\">2.000 millones de d\u00f3lares<\/strong>. El proyecto es resultado de la alianza entre <strong data-start=\"2049\" data-end=\"2095\">Prumo Log\u00edstica, BP, Siemens Energy y SPIC<\/strong>.<\/p>\n<p data-start=\"2144\" data-end=\"2542\">Aunque se trata de una central t\u00e9rmica, su alto nivel de eficiencia, flexibilidad operativa y capacidad de utilizar hidr\u00f3geno la posicionan como una tecnolog\u00eda de transici\u00f3n. En el contexto latinoamericano, donde la diversificaci\u00f3n de fuentes es cada vez m\u00e1s importante, la GNA II representa un modelo de integraci\u00f3n entre energ\u00eda firme y menor huella de carbono respecto a otras centrales f\u00f3siles.<\/p>\n<p data-start=\"2549\" data-end=\"2769\">\u00bfQuer\u00e9s saber m\u00e1s sobre proyectos energ\u00e9ticos en la regi\u00f3n o explorar oportunidades de suministro de gas natural y electricidad? Podes escribirnos a <a href=\"mailto:comercial@alpesenergy.com\">comercial@alpesenergy.com<\/a> o llamarnos al <a href=\"https:\/\/wa.me\/5491131260140?text=Hola!%20Me%20gustar%C3%ADa%20conocer%20mas%20sobre%20Alpes%20Energy\">+54 9 11 3126-0140<\/a><\/p>\n","protected":false},"excerpt":{"rendered":"<p>El pasado 28 de julio, el presidente Lula da Silva inaugur\u00f3 la Usina Termoel\u00e9ctrica GNA II, ubicada en Porto de A\u00e7u, estado de R\u00edo de Janeiro. Con 1,7 gigavatios (GW) de potencia instalada, se trata de la planta termoel\u00e9ctrica a gas natural m\u00e1s grande de Am\u00e9rica Latina y un proyecto clave para la seguridad energ\u00e9tica de Brasil.<\/p>\n","protected":false},"author":1,"featured_media":9569,"comment_status":"open","ping_status":"open","sticky":false,"template":"","format":"standard","meta":{"_seopress_robots_primary_cat":"none","_seopress_titles_title":"","_seopress_titles_desc":"","_seopress_robots_index":"","footnotes":""},"categories":[11,10],"tags":[31,32,33,34,35,36,37,38],"class_list":{"0":"post-9545","1":"post","2":"type-post","3":"status-publish","4":"format-standard","5":"has-post-thumbnail","7":"category-energia-electrica","8":"category-gas-natural","9":"tag-brasil","10":"tag-central-termica","11":"tag-ciclo-combinado","12":"tag-eficiencia","13":"tag-energia-electrica","14":"tag-gas-natural","15":"tag-hidrogeno","16":"tag-turbina-a-gas"},"_links":{"self":[{"href":"https:\/\/www.alpesenergy.com\/ch\/wp-json\/wp\/v2\/posts\/9545","targetHints":{"allow":["GET"]}}],"collection":[{"href":"https:\/\/www.alpesenergy.com\/ch\/wp-json\/wp\/v2\/posts"}],"about":[{"href":"https:\/\/www.alpesenergy.com\/ch\/wp-json\/wp\/v2\/types\/post"}],"author":[{"embeddable":true,"href":"https:\/\/www.alpesenergy.com\/ch\/wp-json\/wp\/v2\/users\/1"}],"replies":[{"embeddable":true,"href":"https:\/\/www.alpesenergy.com\/ch\/wp-json\/wp\/v2\/comments?post=9545"}],"version-history":[{"count":0,"href":"https:\/\/www.alpesenergy.com\/ch\/wp-json\/wp\/v2\/posts\/9545\/revisions"}],"wp:featuredmedia":[{"embeddable":true,"href":"https:\/\/www.alpesenergy.com\/ch\/wp-json\/wp\/v2\/media\/9569"}],"wp:attachment":[{"href":"https:\/\/www.alpesenergy.com\/ch\/wp-json\/wp\/v2\/media?parent=9545"}],"wp:term":[{"taxonomy":"category","embeddable":true,"href":"https:\/\/www.alpesenergy.com\/ch\/wp-json\/wp\/v2\/categories?post=9545"},{"taxonomy":"post_tag","embeddable":true,"href":"https:\/\/www.alpesenergy.com\/ch\/wp-json\/wp\/v2\/tags?post=9545"}],"curies":[{"name":"wp","href":"https:\/\/api.w.org\/{rel}","templated":true}]}}