{"id":9546,"date":"2025-08-27T21:44:14","date_gmt":"2025-08-27T21:44:14","guid":{"rendered":"https:\/\/www.alpesenergy.com\/?p=9184"},"modified":"2025-08-27T21:44:14","modified_gmt":"2025-08-27T21:44:14","slug":"atencion-gudis-cambios-en-el-mercado-electrico-mayorista-a-partir-de-noviembre","status":"publish","type":"post","link":"https:\/\/www.alpesenergy.com\/ch\/blog\/2025\/08\/27\/atencion-gudis-cambios-en-el-mercado-electrico-mayorista-a-partir-de-noviembre\/","title":{"rendered":"Atenci\u00f3n GUDIs: Cambios en el Mercado El\u00e9ctrico Mayorista a partir de noviembre"},"content":{"rendered":"<p>Uno de los sectores m\u00e1s directamente afectados por este nuevo marco son los <strong>Grandes Usuarios del Distribuidor (GUDI)<\/strong>. Hasta ahora, la distribuidora ten\u00eda un rol central en el respaldo de su demanda, pero con las nuevas reglas el panorama cambia: solo los <strong>contratos en el Mercado a T\u00e9rmino (MAT)<\/strong> ofrecer\u00e1n <strong>garant\u00eda firme de suministro<\/strong>. El distribuidor podr\u00e1 contratar energ\u00eda y potencia en representaci\u00f3n de los GUDI, pero esa decisi\u00f3n ser\u00e1 optativa. Esto significa que, en momentos cr\u00edticos de demanda, el abastecimiento podr\u00eda quedar comprometido si no se cuenta con un contrato propio.<\/p>\n<p>En paralelo, se redefine el <strong>esquema de precios<\/strong>. Los GUDI seguir\u00e1n recibiendo el costo equivalente al de un <strong>Gran Usuario del MEM (GU MEM)<\/strong>, pero ahora con una mayor exposici\u00f3n a la din\u00e1mica del mercado. Una parte creciente de esos costos estar\u00e1 determinada por el <strong>Costo Marginal Horario<\/strong>, lo que introduce m\u00e1s <strong>volatilidad e incertidumbre<\/strong> que en el esquema actual.<\/p>\n<p>Como contracara de estas mayores exigencias, surge tambi\u00e9n una nueva oportunidad: los GUDI podr\u00e1n <strong>convertirse en GU MEM<\/strong> y participar de manera directa en el mercado, contratando su energ\u00eda en el MAT. Este paso, adem\u00e1s, es <strong>reversible<\/strong>: luego de un a\u00f1o dentro del MEM, el usuario podr\u00e1 solicitar volver a su condici\u00f3n original de GUDI.<\/p>\n<p>Este conjunto de cambios refuerza la importancia de contar con un <strong>contrato de energ\u00eda<\/strong>. Ya no se trata solo de una herramienta financiera para estabilizar precios, sino de una condici\u00f3n esencial para <strong>garantizar el abastecimiento<\/strong> y sostener la <strong>competitividad industrial<\/strong>. En particular, los <strong>contratos de energ\u00edas renovables<\/strong> ofrecen <strong>previsibilidad<\/strong>, respaldo y contribuyen al mismo tiempo a los <strong>objetivos de sustentabilidad<\/strong> de cada empresa.<\/p>\n<p>Los lineamientos para la normalizaci\u00f3n del MEM marcan el inicio de una etapa con m\u00e1s <strong>competencia<\/strong> y <strong>transparencia<\/strong>, pero tambi\u00e9n con mayor exposici\u00f3n al mercado. Para los GUDI, la clave estar\u00e1 en anticiparse y definir <strong>estrategias de contrataci\u00f3n<\/strong> que aseguren <strong>estabilidad<\/strong> y <strong>confiabilidad<\/strong> en un contexto cada vez m\u00e1s desafiante.<\/p>\n<p><a href=\"https:\/\/cammesaweb.cammesa.com\/?wpdmdl=50885\" target=\"_blank\" rel=\"noopener\">RESOLUSI\u00d3N &#8211; Secretar\u00eda de Energ\u00eda<\/a><\/p>\n<p>En <strong>Alpes Energy<\/strong> acompa\u00f1amos a las industrias en este proceso, ofreciendo <strong>propuestas a medida<\/strong> que combinan <strong>previsibilidad<\/strong>, <strong>ahorro<\/strong> y <strong>seguridad en el abastecimiento energ\u00e9tico<\/strong>. <i>C<em>ontactanos a\u00a0<a href=\"mailto:comercial@alpesenergy.com\">comercial@alpesenergy.com<\/a>\u00a0o llamanos al\u00a0<a href=\"https:\/\/wa.me\/5491131260140?text=Hola!%20Me%20gustar%C3%ADa%20conocer%20mas%20sobre%20Alpes%20Energy\">+54 9 11 3126-0140<\/a><\/em><\/i><\/p>\n","protected":false},"excerpt":{"rendered":"<p>El pasado 20 de agosto de 2025, la Secretar\u00eda de Energ\u00eda public\u00f3 \u2014mediante el documento IF-2025-91765098-APN-DNGE#MEC en el marco de la Resoluci\u00f3n correspondiente\u2014 los Lineamientos para la normalizaci\u00f3n del Mercado El\u00e9ctrico Mayorista (MEM). Estas medidas comenzar\u00e1n a regir el 1\u00b0 de noviembre y marcan un punto de inflexi\u00f3n en la forma en que se organiza el abastecimiento de energ\u00eda en Argentina.<\/p>\n","protected":false},"author":1,"featured_media":9570,"comment_status":"open","ping_status":"open","sticky":false,"template":"","format":"standard","meta":{"_seopress_robots_primary_cat":"none","_seopress_titles_title":"","_seopress_titles_desc":"","_seopress_robots_index":"","footnotes":""},"categories":[11],"tags":[20,39,40,19,41,42,43],"class_list":{"0":"post-9546","1":"post","2":"type-post","3":"status-publish","4":"format-standard","5":"has-post-thumbnail","7":"category-energia-electrica","8":"tag-cammesa","9":"tag-grandes-usuarios-del-distribuidor","10":"tag-gudi","11":"tag-mater","12":"tag-mem","13":"tag-mercado-a-termino","14":"tag-mercado-electrico-mayorista"},"_links":{"self":[{"href":"https:\/\/www.alpesenergy.com\/ch\/wp-json\/wp\/v2\/posts\/9546","targetHints":{"allow":["GET"]}}],"collection":[{"href":"https:\/\/www.alpesenergy.com\/ch\/wp-json\/wp\/v2\/posts"}],"about":[{"href":"https:\/\/www.alpesenergy.com\/ch\/wp-json\/wp\/v2\/types\/post"}],"author":[{"embeddable":true,"href":"https:\/\/www.alpesenergy.com\/ch\/wp-json\/wp\/v2\/users\/1"}],"replies":[{"embeddable":true,"href":"https:\/\/www.alpesenergy.com\/ch\/wp-json\/wp\/v2\/comments?post=9546"}],"version-history":[{"count":0,"href":"https:\/\/www.alpesenergy.com\/ch\/wp-json\/wp\/v2\/posts\/9546\/revisions"}],"wp:featuredmedia":[{"embeddable":true,"href":"https:\/\/www.alpesenergy.com\/ch\/wp-json\/wp\/v2\/media\/9570"}],"wp:attachment":[{"href":"https:\/\/www.alpesenergy.com\/ch\/wp-json\/wp\/v2\/media?parent=9546"}],"wp:term":[{"taxonomy":"category","embeddable":true,"href":"https:\/\/www.alpesenergy.com\/ch\/wp-json\/wp\/v2\/categories?post=9546"},{"taxonomy":"post_tag","embeddable":true,"href":"https:\/\/www.alpesenergy.com\/ch\/wp-json\/wp\/v2\/tags?post=9546"}],"curies":[{"name":"wp","href":"https:\/\/api.w.org\/{rel}","templated":true}]}}