{"id":9562,"date":"2026-02-13T20:42:34","date_gmt":"2026-02-13T20:42:34","guid":{"rendered":"https:\/\/www.alpesenergy.com\/?p=9555"},"modified":"2026-02-13T20:42:34","modified_gmt":"2026-02-13T20:42:34","slug":"gas-natural-en-la-generacion-electrica-un-2026-que-vuelve-a-exigir-al-sistema","status":"publish","type":"post","link":"https:\/\/www.alpesenergy.com\/ch\/blog\/2026\/02\/13\/gas-natural-en-la-generacion-electrica-un-2026-que-vuelve-a-exigir-al-sistema\/","title":{"rendered":"Gas natural en la generaci\u00f3n el\u00e9ctrica: un 2026 que vuelve a exigir al sistema"},"content":{"rendered":"<p><span style=\"font-weight: 400\">En lo que va de febrero, el consumo promedio de gas natural para generaci\u00f3n se ubica en <\/span><b>59.650 Dam\u00b3\/d\u00eda<\/b><span style=\"font-weight: 400\">, un nivel particularmente elevado para un mes estival impulsado por las altas temperaturas. La cifra no solo refleja la fuerte dependencia del parque t\u00e9rmico, sino que adem\u00e1s posiciona al mes <\/span><b>muy cerca del r\u00e9cord hist\u00f3rico de consumo mensual<\/b><span style=\"font-weight: 400\">, registrado en febrero de 2025 con <\/span><b>61.906 Dam\u00b3\/d\u00eda<\/b><span style=\"font-weight: 400\">.<\/span><\/p>\n<p data-start=\"1219\" data-end=\"1707\">M\u00e1s interesante a\u00fan resulta observar la din\u00e1mica diaria. En los primeros d\u00edas del mes ya se verificaron valores <strong>superiores a 68.000 Dam\u00b3\/d\u00eda<\/strong>, destac\u00e1ndose el 3 de febrero, jornada marcada por temperaturas extremas y una intensa <strong>ola de calor<\/strong> en el AMBA, donde la demanda de gas para generaci\u00f3n alcanz\u00f3 <strong data-start=\"1524\" data-end=\"1543\">68.224 Dam\u00b3\/d\u00eda<\/strong>, registros que hist\u00f3ricamente suelen asociarse a escenarios de alta exigencia operativa, picos de demanda el\u00e9ctrica o restricciones en otras fuentes de generaci\u00f3n.<\/p>\n<p><span style=\"font-weight: 400\">Hoy la generaci\u00f3n t\u00e9rmica sigue actuando como tecnolog\u00eda de respaldo estructural del sistema y absorbiendo variaciones de la demanda. En este esquema, el gas natural destaca por su eficiencia, disponibilidad relativa y menor costo variable frente a combustibles alternativos.<\/span><\/p>\n<p><span style=\"font-weight: 400\">En 2026, si bien la dependencia de combustibles alternativos se ha reducido en comparaci\u00f3n con a\u00f1os anteriores, el uso de <strong data-start=\"611\" data-end=\"649\">fuel oil, gas oil e incluso carb\u00f3n<\/strong> sigue presente, aunque de forma m\u00e1s puntual, dentro de la matriz t\u00e9rmica.<\/span><span style=\"font-weight: 400\"> Estos combustibles, t\u00edpicamente de costos m\u00e1s elevados y menos eficientes, suelen ingresar cuando el sistema enfrenta limitaciones de despacho o picos de requerimientos energ\u00e9ticos, lo que refuerza el rol estrat\u00e9gico del gas natural dentro del despacho el\u00e9ctrico.<\/span><\/p>\n<p><span style=\"font-weight: 400\">La incidencia de la <strong>temperatura<\/strong> sobre el consumo energ\u00e9tico <strong>no se limita al per\u00edodo invernal<\/strong>: los <strong>eventos de calor extremo<\/strong> tambi\u00e9n elevan la demanda el\u00e9ctrica y, en consecuencia, la <strong>necesidad de gas para generaci\u00f3n.<\/strong><\/span><\/p>\n<p><span style=\"font-weight: 400\">El inicio de 2026 vuelve a reflejar una din\u00e1mica conocida por el mercado energ\u00e9tico: en escenarios de alta exigencia del sistema el\u00e9ctrico, la generaci\u00f3n t\u00e9rmica incrementa su demanda de gas natural hasta niveles muy elevados. Un escenario que vuelve a poner en evidencia la sensibilidad del sistema energ\u00e9tico a la disponibilidad, flexibilidad y condiciones de suministro del gas.<\/span><\/p>\n<p>En Alpes seguimos de cerca la evoluci\u00f3n del mercado. Si te interesa optimizar tus condiciones de abastecimiento de gas natural, podes contactarnos <a href=\"mailto:comercial@alpesenergy.com\">comercial@alpesenergy.com<\/a> o <a href=\"https:\/\/wa.me\/5491131260140?text=Hola!%20Me%20gustar%C3%ADa%20conocer%20mas%20sobre%20Alpes%20Energy\">+54 9 11 3126-0140<\/a><\/p>\n","protected":false},"excerpt":{"rendered":"<p>El gas natural contin\u00faa consolid\u00e1ndose como el combustible central de la generaci\u00f3n t\u00e9rmica en Argentina. Lejos de perder protagonismo, los primeros meses de 2026 muestran una demanda muy firme por parte de las usinas, en un contexto donde la din\u00e1mica del sistema el\u00e9ctrico vuelve a poner al gas en el centro de la escena.<\/p>\n","protected":false},"author":1,"featured_media":9600,"comment_status":"open","ping_status":"open","sticky":false,"template":"","format":"standard","meta":{"_seopress_robots_primary_cat":"none","_seopress_titles_title":"","_seopress_titles_desc":"","_seopress_robots_index":"","footnotes":""},"categories":[1],"tags":[20,63,100,22,35,47,36,64,101,61],"class_list":{"0":"post-9562","1":"post","2":"type-post","3":"status-publish","4":"format-standard","5":"has-post-thumbnail","7":"category-sin-categoria","8":"tag-cammesa","9":"tag-comercializadora-de-gas-natural","10":"tag-contrato-de-gas","11":"tag-energia","12":"tag-energia-electrica","13":"tag-gas","14":"tag-gas-natural","15":"tag-gasoducto","16":"tag-suministro-de-gas-natural","17":"tag-vaca-muerta"},"_links":{"self":[{"href":"https:\/\/www.alpesenergy.com\/ch\/wp-json\/wp\/v2\/posts\/9562","targetHints":{"allow":["GET"]}}],"collection":[{"href":"https:\/\/www.alpesenergy.com\/ch\/wp-json\/wp\/v2\/posts"}],"about":[{"href":"https:\/\/www.alpesenergy.com\/ch\/wp-json\/wp\/v2\/types\/post"}],"author":[{"embeddable":true,"href":"https:\/\/www.alpesenergy.com\/ch\/wp-json\/wp\/v2\/users\/1"}],"replies":[{"embeddable":true,"href":"https:\/\/www.alpesenergy.com\/ch\/wp-json\/wp\/v2\/comments?post=9562"}],"version-history":[{"count":0,"href":"https:\/\/www.alpesenergy.com\/ch\/wp-json\/wp\/v2\/posts\/9562\/revisions"}],"wp:featuredmedia":[{"embeddable":true,"href":"https:\/\/www.alpesenergy.com\/ch\/wp-json\/wp\/v2\/media\/9600"}],"wp:attachment":[{"href":"https:\/\/www.alpesenergy.com\/ch\/wp-json\/wp\/v2\/media?parent=9562"}],"wp:term":[{"taxonomy":"category","embeddable":true,"href":"https:\/\/www.alpesenergy.com\/ch\/wp-json\/wp\/v2\/categories?post=9562"},{"taxonomy":"post_tag","embeddable":true,"href":"https:\/\/www.alpesenergy.com\/ch\/wp-json\/wp\/v2\/tags?post=9562"}],"curies":[{"name":"wp","href":"https:\/\/api.w.org\/{rel}","templated":true}]}}